{"id":6528,"date":"2019-02-01T12:00:20","date_gmt":"2019-02-01T14:00:20","guid":{"rendered":"http:\/\/bbconsultoria.net\/site\/?p=6528"},"modified":"2019-02-03T19:40:32","modified_gmt":"2019-02-03T21:40:32","slug":"diferenca-e-repeticao","status":"publish","type":"post","link":"https:\/\/bbconsultoria.net\/site\/diferenca-e-repeticao\/","title":{"rendered":"Diferen\u00e7a e repeti\u00e7\u00e3o"},"content":{"rendered":"<h2><img loading=\"lazy\" decoding=\"async\" class=\"wp-image-6529 aligncenter\" src=\"http:\/\/bbconsultoria.net\/site\/wp-content\/uploads\/2019\/02\/imagem_materia.jpg\" alt=\"\" width=\"453\" height=\"300\" srcset=\"https:\/\/bbconsultoria.net\/site\/wp-content\/uploads\/2019\/02\/imagem_materia.jpg 860w, https:\/\/bbconsultoria.net\/site\/wp-content\/uploads\/2019\/02\/imagem_materia-300x199.jpg 300w, https:\/\/bbconsultoria.net\/site\/wp-content\/uploads\/2019\/02\/imagem_materia-768x509.jpg 768w\" sizes=\"auto, (max-width: 453px) 100vw, 453px\" \/><\/h2>\n<h3>Congresso volta aos trabalhos com elei\u00e7\u00e3o para presid\u00eancias da C\u00e2mara e do Senado<\/h3>\n<p>O Congresso retoma os trabalhos nesta sexta (1\u00ba) cercado de expectativas favor\u00e1veis. Em meio \u00e0 onda de rejei\u00e7\u00e3o a padr\u00f5es do sistema pol\u00edtico que levou Jair Bolsonaro (PSL) \u00e0 Presid\u00eancia, pesquisa Datafolha de dezembro mostrou que 56% dos eleitores acreditam em desempenho \u00f3timo ou bom de senadores e deputados.<\/p>\n<p>Trata-se de invers\u00e3o digna de nota em rela\u00e7\u00e3o a levantamento feita apenas um ano antes, quando 60% dos entrevistados reprovaram a atua\u00e7\u00e3o dos parlamentares.<\/p>\n<p>Em que pese a renova\u00e7\u00e3o de nomes no Legislativo (dos deputados eleitos, por exemplo, 18% nunca haviam se candidatado), a experi\u00eancia recomenda cautela diante de tal predisposi\u00e7\u00e3o ao otimismo.<\/p>\n<p>Basta lembrar que a imagem de regenera\u00e7\u00e3o \u00e9tica alardeada em campanha pelo presidente e seus correligion\u00e1rios j\u00e1 foi golpeada pelas recentes revela\u00e7\u00f5es acerca de atividades financeiras suspeitas e relacionamentos perigosos de Fl\u00e1vio Bolsonaro (PSL-RJ).<\/p>\n<p>Este, ali\u00e1s, fragilizado pelos acontecimentos, esteve no Congresso na quarta (30) e procurou evitar que seus problemas afetem o governo. Em visita ao Senado, onde ocupar\u00e1 uma cadeira, foi receptivo \u00e0 pretens\u00e3o de Renan Calheiros (MDB-AL) de presidir a Casa \u2014um pleito que vinha sendo tratado com desconfian\u00e7a pelos governistas.<\/p>\n<p>Considerando que as acusa\u00e7\u00f5es contra o filho do presidente n\u00e3o dizem respeito ao exerc\u00edcio de seu mandato senatorial, ele por ora n\u00e3o deve ter problemas com o Conselho de \u00c9tica da institui\u00e7\u00e3o.<\/p>\n<p>Do ponto de vista da representa\u00e7\u00e3o partid\u00e1ria, a novidade \u00e9 a forte presen\u00e7a do PSL. Insignificante at\u00e9 pouco tempo atr\u00e1s, a legenda se tornou a mais numerosa da C\u00e2mara, por enquanto ao lado do PT. A sigla de Bolsonaro se beneficiou nas \u00faltimas semanas dos efeitos da bem-vinda cl\u00e1usula de barreira.<\/p>\n<p>De acordo com a reforma pol\u00edtica de 2017, partidos que n\u00e3o atinjam 1,5% dos votos v\u00e1lidos para a C\u00e2mara em todo o pa\u00eds, distribu\u00eddos em ao menos nove estados, perdem direito \u00e0 propaganda no hor\u00e1rio eleitoral gratuito e deixam de receber recursos do fundo partid\u00e1rio.<\/p>\n<p>A nova legisla\u00e7\u00e3o prev\u00ea, at\u00e9 2030, aumento progressivo das dificuldades para manuten\u00e7\u00e3o das agremia\u00e7\u00f5es menores, numa salutar tentativa de propiciar mais racionalidade ao sistema pol\u00edtico.<\/p>\n<p>Em contrapartida, parlamentares eleitos por partidos que n\u00e3o cumpriram a cl\u00e1usula podem buscar abrigo em outra freguesia.<\/p>\n<p>O \u00edmpeto renovat\u00f3rio, por\u00e9m, parece encontrar seus limites na elei\u00e7\u00e3o para a presid\u00eancia das duas Casas. Apesar de a disputa ter se mostrado mais complexa do que em legislaturas anteriores, tudo leva a crer que prevalecer\u00e3o as velhas artimanhas dos favoritos Rodrigo Maia (DEM-RJ), na C\u00e2mara, e Renan Calheiros, no Senado.<\/p>\n<p><strong>Fonte:<\/strong> FOLHA<\/p>\n","protected":false},"excerpt":{"rendered":"<p>Congresso volta aos trabalhos com elei\u00e7\u00e3o para presid\u00eancias da C\u00e2mara e do Senado O Congresso retoma os trabalhos nesta sexta (1\u00ba) cercado de expectativas favor\u00e1veis. Em meio \u00e0 onda de rejei\u00e7\u00e3o a padr\u00f5es do sistema pol\u00edtico que levou Jair Bolsonaro (PSL) \u00e0 Presid\u00eancia, pesquisa Datafolha de dezembro mostrou que 56% dos eleitores acreditam em desempenho&#8230; <\/p>\n<div class=\"clear\"><\/div>\n<p><a href=\"https:\/\/bbconsultoria.net\/site\/diferenca-e-repeticao\/\" class=\"excerpt-read-more\">Read More<\/a><\/p>\n","protected":false},"author":1,"featured_media":0,"comment_status":"closed","ping_status":"closed","sticky":false,"template":"","format":"standard","meta":{"footnotes":""},"categories":[82],"tags":[],"class_list":["post-6528","post","type-post","status-publish","format-standard","hentry","category-noticias"],"_links":{"self":[{"href":"https:\/\/bbconsultoria.net\/site\/wp-json\/wp\/v2\/posts\/6528","targetHints":{"allow":["GET"]}}],"collection":[{"href":"https:\/\/bbconsultoria.net\/site\/wp-json\/wp\/v2\/posts"}],"about":[{"href":"https:\/\/bbconsultoria.net\/site\/wp-json\/wp\/v2\/types\/post"}],"author":[{"embeddable":true,"href":"https:\/\/bbconsultoria.net\/site\/wp-json\/wp\/v2\/users\/1"}],"replies":[{"embeddable":true,"href":"https:\/\/bbconsultoria.net\/site\/wp-json\/wp\/v2\/comments?post=6528"}],"version-history":[{"count":2,"href":"https:\/\/bbconsultoria.net\/site\/wp-json\/wp\/v2\/posts\/6528\/revisions"}],"predecessor-version":[{"id":6534,"href":"https:\/\/bbconsultoria.net\/site\/wp-json\/wp\/v2\/posts\/6528\/revisions\/6534"}],"wp:attachment":[{"href":"https:\/\/bbconsultoria.net\/site\/wp-json\/wp\/v2\/media?parent=6528"}],"wp:term":[{"taxonomy":"category","embeddable":true,"href":"https:\/\/bbconsultoria.net\/site\/wp-json\/wp\/v2\/categories?post=6528"},{"taxonomy":"post_tag","embeddable":true,"href":"https:\/\/bbconsultoria.net\/site\/wp-json\/wp\/v2\/tags?post=6528"}],"curies":[{"name":"wp","href":"https:\/\/api.w.org\/{rel}","templated":true}]}}