{"id":6523,"date":"2018-10-05T10:30:02","date_gmt":"2018-10-05T13:30:02","guid":{"rendered":"http:\/\/bbconsultoria.net\/site\/?p=6523"},"modified":"2019-01-16T05:35:02","modified_gmt":"2019-01-16T07:35:02","slug":"mesmo-ausente-bolsonaro-e-alvo-durante-ultimo-debate-de-presidenciaveis","status":"publish","type":"post","link":"https:\/\/bbconsultoria.net\/site\/mesmo-ausente-bolsonaro-e-alvo-durante-ultimo-debate-de-presidenciaveis\/","title":{"rendered":"Mesmo ausente, Bolsonaro \u00e9 alvo durante \u00faltimo debate de presidenci\u00e1veis"},"content":{"rendered":"<h3>O candidato do PSL justificou problemas de sa\u00fade para faltar ao \u00faltimo debate do primeiro turno da elei\u00e7\u00e3o presidencial<\/h3>\n<p>O \u00faltimo debate dos candidatos \u00e0 Presid\u00eancia da Rep\u00fablica, transmitido na noite desta quinta-feira (4\/10) pela TV Globo, contou com a participa\u00e7\u00e3o de sete dos presidenci\u00e1veis. Geraldo Alckmin (PSDB), Henrique Meirelles (MDB), Fernando Haddad (PT), Marina Silva (Rede), Guilherme Boulos (PSol), Alvaro Dias (Podemos) e Ciro Gomes (PDT) marcaram presen\u00e7a nos est\u00fadios da emissora. Cabo Daciolo (Patriota) e Jair Bolsonaro (PSL) n\u00e3o compareceram ao encontro. Apesar de j\u00e1 ter recebido alta hospitalar, o Bolsonaro teria recebido orienta\u00e7\u00e3o m\u00e9dica para n\u00e3o participar do debate. Diante da aus\u00eancia, teve suas propostas atacadas pelos opositores.<\/p>\n<p>Logo no in\u00edcio do debate, Geraldo Alckmin afirmou que o governo petista &#8220;acabou gastando&#8221; mais do que arrecadava. Segundo ele, por isso, deixou um deficit elevado. O candidato do PSDB tamb\u00e9m lembrou que o PT chegou a votar contra o plano real \u2014 no governo Itamar Franco \u2014 e escolheu atual presidente Michel Temer para compor a chapa com a ex-presidente Dilma Rousseff, que sofreu um impeachment em 2016.<\/p>\n<p>Ao responder \u00e0 prova\u00e7\u00e3o, Haddad defendeu a pol\u00edtica adotada pelos petistas nos \u00faltimos anos. &#8220;Os nossos governos foram respons\u00e1veis pela melhor economia. No nosso per\u00edodo, a d\u00edvida p\u00fablica caiu pela metade, pagamos o FMI. O que o candidato n\u00e3o reconhece \u00e9 que depois que o seu partido foi derrotado em 2014, o PSDB se associou ao Michel Temer para sabotar o governo aprovando as chamadas &#8220;pautas bombas&#8221;, explicou o petista.<\/p>\n<p>Na primeira pergunta, o presidenci\u00e1vel do Podemos, \u00c1lvaro Dias, escolheu o candidato Henrique Meirelles. Por\u00e9m, por se prolongar demais, inclusive usar o tempo para tietar o apresentador global, William Bonner, o cron\u00f5metro chegou ao fim e o questionamento n\u00e3o foi feito. Sem ter o que responder, Meirelles criticou as &#8220;brigas dos candidatos&#8221; e a falta de propostas. &#8220;Voc\u00eas podem tamb\u00e9m chamar o Meirelles, que n\u00f3s vamos desenvolver o Brasil e melhorar a sua vida&#8221;, contou o emedebista.<\/p>\n<p>Tempos depois, \u00c1lvaro Dias provocou o petista, Fernando Haddad. Ao ser questionado pelo apresentador sobre quem ele gostaria de dirigir a pergunta, o candidato foi ir\u00f4nico: &#8220;o Fernando Haddad, claro&#8221;. &#8220;No final do programa eu vou entregar a voc\u00ea a real pergunta que o senhor vai levar ao real candidato&#8221;, disse. A Haddad, questionou foi sobre a atua\u00e7\u00e3o da Petrobras num poss\u00edvel governo.<\/p>\n<p>Em resposta, o petista demonstrou descontentamento com as provoca\u00e7\u00f5es do advers\u00e1rio e questionou a seriedade de Dias. &#8220;Em primeiro lugar acho que voc\u00ea deveria ter mais compostura no debate. N\u00e3o respeita o tempo, as regras e faz brincadeiras com coisas s\u00e9rias&#8221;. Sobre o questionamento, ressaltou que o investimento da Petrobras foi &#8220;multiplicado por 10&#8221;. &#8220;Sem isso nunca ter\u00edamos achado o pr\u00e9-sal&#8221;, defendeu.<\/p>\n<h4>Combate \u00e0s drogas<\/h4>\n<p>Sobre o combate \u00e0s drogas, tema escolhido em sorteio pelo apresentador, Ciro Gomes, questionou a pol\u00edtica que o candidato Guilherme Boulos, do PSOL, pretende p\u00f4r em pr\u00e1tica. Boulos disse que a pol\u00edtica de combate \u00e0s drogas do pa\u00eds est\u00e1 &#8216;falida&#8217; e que o modelo precisa mudar. Para ele, os donos do tr\u00e1fico est\u00e3o &#8216;mais perto do Congresso do que da favela&#8217;. &#8220;A droga n\u00e3o nasce no morro, ela vem dos atacadistas. Essa ideia de que o usu\u00e1rio tem que ser atacado est\u00e1 superado em todos os lugares do mundo&#8221;, informou.<\/p>\n<p>Ciro Gomes utilizou a r\u00e9plica para fazer cr\u00edticas ao candidato do PSL, Jair Bolsonaro. Ele afirmou que a ind\u00fastria de armas Taurus teve um aumento de 180% de suas a\u00e7\u00f5es e que possui \u201cv\u00e1rias pessoas associadas \u00e0 turma do Bolsonaro\u201d.<\/p>\n<p>Ali\u00e1s, apesar de ausente, Bolsonaro esteve na linha de combate durante quase todo o debate. Foi acusado de &#8220;fugir&#8221; do di\u00e1logo com os outros postulantes ao Planalto. Meirelles, do MDB, disse que a aus\u00eancia mostra um descompromisso com a popula\u00e7\u00e3o. Em meio a aplausos, a ex-ministra Marina Silva, da Rede, afirmou que Bolsonaro &#8216;amarelou&#8217;. Ciro, por sua vez, que tenta se apresentar como op\u00e7\u00e3o \u00e0 dualidade que lidera as pesquisas, buscou associar o capit\u00e3o reformado ao fascismo.<\/p>\n<p>Sobre seguran\u00e7a p\u00fablica, Marina Silva, lamentou as mais de 63 mil pessoas assassinadas por ano. Ela, no entanto, contou que pretende &#8220;frear&#8221; as atividades de &#8220;quadrilhas e associa\u00e7\u00f5es criminosas&#8221;, que est\u00e3o migrando, segundo a candidata, para estados que n\u00e3o possuem condi\u00e7\u00f5es para tratar sobre esse tema. &#8220;E n\u00e3o vamos permitir que os criminosos fiquem comandando o crime da cadeia. N\u00f3s vamos, pelo sistema \u00fanico de seguran\u00e7a p\u00fablica, tratar a quest\u00e3o de viol\u00eancia, n\u00e3o s\u00f3 como caso de pol\u00edcia, mas de justi\u00e7a econ\u00f4mica e social&#8221;, esclareceu.<\/p>\n<p><strong>Fonte: <\/strong>CORREIO BRAZILIENSE<\/p>\n","protected":false},"excerpt":{"rendered":"<p>O candidato do PSL justificou problemas de sa\u00fade para faltar ao \u00faltimo debate do primeiro turno da elei\u00e7\u00e3o presidencial O \u00faltimo debate dos candidatos \u00e0 Presid\u00eancia da Rep\u00fablica, transmitido na noite desta quinta-feira (4\/10) pela TV Globo, contou com a participa\u00e7\u00e3o de sete dos presidenci\u00e1veis. Geraldo Alckmin (PSDB), Henrique Meirelles (MDB), Fernando Haddad (PT), Marina&#8230; <\/p>\n<div class=\"clear\"><\/div>\n<p><a href=\"https:\/\/bbconsultoria.net\/site\/mesmo-ausente-bolsonaro-e-alvo-durante-ultimo-debate-de-presidenciaveis\/\" class=\"excerpt-read-more\">Read More<\/a><\/p>\n","protected":false},"author":1,"featured_media":0,"comment_status":"closed","ping_status":"closed","sticky":false,"template":"","format":"standard","meta":{"footnotes":""},"categories":[82],"tags":[],"class_list":["post-6523","post","type-post","status-publish","format-standard","hentry","category-noticias"],"_links":{"self":[{"href":"https:\/\/bbconsultoria.net\/site\/wp-json\/wp\/v2\/posts\/6523","targetHints":{"allow":["GET"]}}],"collection":[{"href":"https:\/\/bbconsultoria.net\/site\/wp-json\/wp\/v2\/posts"}],"about":[{"href":"https:\/\/bbconsultoria.net\/site\/wp-json\/wp\/v2\/types\/post"}],"author":[{"embeddable":true,"href":"https:\/\/bbconsultoria.net\/site\/wp-json\/wp\/v2\/users\/1"}],"replies":[{"embeddable":true,"href":"https:\/\/bbconsultoria.net\/site\/wp-json\/wp\/v2\/comments?post=6523"}],"version-history":[{"count":1,"href":"https:\/\/bbconsultoria.net\/site\/wp-json\/wp\/v2\/posts\/6523\/revisions"}],"predecessor-version":[{"id":6524,"href":"https:\/\/bbconsultoria.net\/site\/wp-json\/wp\/v2\/posts\/6523\/revisions\/6524"}],"wp:attachment":[{"href":"https:\/\/bbconsultoria.net\/site\/wp-json\/wp\/v2\/media?parent=6523"}],"wp:term":[{"taxonomy":"category","embeddable":true,"href":"https:\/\/bbconsultoria.net\/site\/wp-json\/wp\/v2\/categories?post=6523"},{"taxonomy":"post_tag","embeddable":true,"href":"https:\/\/bbconsultoria.net\/site\/wp-json\/wp\/v2\/tags?post=6523"}],"curies":[{"name":"wp","href":"https:\/\/api.w.org\/{rel}","templated":true}]}}