{"id":6513,"date":"2018-10-10T12:00:14","date_gmt":"2018-10-10T15:00:14","guid":{"rendered":"http:\/\/bbconsultoria.net\/site\/?p=6513"},"modified":"2019-01-16T05:26:18","modified_gmt":"2019-01-16T07:26:18","slug":"o-mercado-e-o-voto","status":"publish","type":"post","link":"https:\/\/bbconsultoria.net\/site\/o-mercado-e-o-voto\/","title":{"rendered":"O mercado e o voto"},"content":{"rendered":"<h3>Plataforma econ\u00f4mica de Bolsonaro, ou o que se conhece dela, agrada mais ao setor privado<\/h3>\n<p>Contabilizada a lideran\u00e7a por ampla margem de Jair Bolsonaro (PSL) sobre Fernando Haddad (PT) no primeiro turno das elei\u00e7\u00f5es, o mercado financeiro reagiu com euforia, na forma de queda expressiva das cota\u00e7\u00f5es do d\u00f3lar e alta das a\u00e7\u00f5es negociadas em Bolsa.<\/p>\n<p>A muitos tal comportamento pode parecer abjeto, por escancarar a prefer\u00eancia por um candidato, ou surpreendente, tendo em vista a falta de clareza do programa de governo e as demonstra\u00e7\u00f5es de despreparo do preferido.<\/p>\n<p>\u00c9 fato inconteste, contudo, que a plataforma econ\u00f4mica de Bolsonaro, ou o que se conhece dela, agrada mais ao setor privado que a de seu advers\u00e1rio.<\/p>\n<p>Paulo Guedes, conselheiro do presidenci\u00e1vel, defendeu a perman\u00eancia do teto para os gastos federais inscrito na Constitui\u00e7\u00e3o, al\u00e9m de propor uma reforma da Previd\u00eancia at\u00e9 mais ampla do que a tentada pelo governo atual.<\/p>\n<p>Ademais, prega privatiza\u00e7\u00f5es, um redesenho tribut\u00e1rio profundo e a redu\u00e7\u00e3o do custo de contrata\u00e7\u00e3o com carteira assinada para refor\u00e7ar a gera\u00e7\u00e3o de empregos.<\/p>\n<p>Em termos gen\u00e9ricos, trata-se de uma agenda merit\u00f3ria, o que por ora n\u00e3o diz muito \u2014a depender da intensidade, do planejamento e da execu\u00e7\u00e3o das medidas, os resultados podem ser bons ou ruins, excelentes ou catastr\u00f3ficos.<\/p>\n<p>H\u00e1 incertezas cruciais. Fala-se em simplificar e at\u00e9 em reduzir a carga tribut\u00e1ria, mas n\u00e3o se entende como isso se compatibiliza com a busca do equil\u00edbrio or\u00e7ament\u00e1rio.<\/p>\n<p>Tampouco se sabe como seria viabilizada a proposta de um regime de capitaliza\u00e7\u00e3o para a Previd\u00eancia, em que os novos se aposentariam com o que poupassem ao longo da vida produtiva \u2014quem pagaria por aqueles que se aposentar\u00e3o pelo regime atual?<\/p>\n<p>Tais inc\u00f3gnitas t\u00eam sido relevadas, em boa parte, diante dos temores inspirados pelo plano de governo de Fernando Haddad.<\/p>\n<p>A equipe do petista n\u00e3o se compromete claramente, por exemplo, com as mudan\u00e7as previdenci\u00e1rias, que t\u00eam sofrido oposi\u00e7\u00e3o feroz da legenda. Vitupera ainda contra o teto de gastos, sem explicar como vai evitar o crescimento descontrolado da d\u00edvida p\u00fablica.<\/p>\n<p>Ensaia-se um discurso mais pragm\u00e1tico, visando a aproxima\u00e7\u00e3o com o setor privado, mas at\u00e9 aqui sem grande convic\u00e7\u00e3o.<\/p>\n<p>Qualquer mercado \u00e9 amoral por natureza, ao fixar os pre\u00e7os de ativos e mercadorias conforme as informa\u00e7\u00f5es dispon\u00edveis. Estas podem mudar em quest\u00e3o de minutos, o que, no caso em tela, depender\u00e1 dos esclarecimentos que os candidatos est\u00e3o a dever.<\/p>\n<p><strong>Fonte: <\/strong>FOLHA<\/p>\n","protected":false},"excerpt":{"rendered":"<p>Plataforma econ\u00f4mica de Bolsonaro, ou o que se conhece dela, agrada mais ao setor privado Contabilizada a lideran\u00e7a por ampla margem de Jair Bolsonaro (PSL) sobre Fernando Haddad (PT) no primeiro turno das elei\u00e7\u00f5es, o mercado financeiro reagiu com euforia, na forma de queda expressiva das cota\u00e7\u00f5es do d\u00f3lar e alta das a\u00e7\u00f5es negociadas em&#8230; <\/p>\n<div class=\"clear\"><\/div>\n<p><a href=\"https:\/\/bbconsultoria.net\/site\/o-mercado-e-o-voto\/\" class=\"excerpt-read-more\">Read More<\/a><\/p>\n","protected":false},"author":1,"featured_media":0,"comment_status":"closed","ping_status":"closed","sticky":false,"template":"","format":"standard","meta":{"footnotes":""},"categories":[82],"tags":[],"class_list":["post-6513","post","type-post","status-publish","format-standard","hentry","category-noticias"],"_links":{"self":[{"href":"https:\/\/bbconsultoria.net\/site\/wp-json\/wp\/v2\/posts\/6513","targetHints":{"allow":["GET"]}}],"collection":[{"href":"https:\/\/bbconsultoria.net\/site\/wp-json\/wp\/v2\/posts"}],"about":[{"href":"https:\/\/bbconsultoria.net\/site\/wp-json\/wp\/v2\/types\/post"}],"author":[{"embeddable":true,"href":"https:\/\/bbconsultoria.net\/site\/wp-json\/wp\/v2\/users\/1"}],"replies":[{"embeddable":true,"href":"https:\/\/bbconsultoria.net\/site\/wp-json\/wp\/v2\/comments?post=6513"}],"version-history":[{"count":1,"href":"https:\/\/bbconsultoria.net\/site\/wp-json\/wp\/v2\/posts\/6513\/revisions"}],"predecessor-version":[{"id":6514,"href":"https:\/\/bbconsultoria.net\/site\/wp-json\/wp\/v2\/posts\/6513\/revisions\/6514"}],"wp:attachment":[{"href":"https:\/\/bbconsultoria.net\/site\/wp-json\/wp\/v2\/media?parent=6513"}],"wp:term":[{"taxonomy":"category","embeddable":true,"href":"https:\/\/bbconsultoria.net\/site\/wp-json\/wp\/v2\/categories?post=6513"},{"taxonomy":"post_tag","embeddable":true,"href":"https:\/\/bbconsultoria.net\/site\/wp-json\/wp\/v2\/tags?post=6513"}],"curies":[{"name":"wp","href":"https:\/\/api.w.org\/{rel}","templated":true}]}}