{"id":6503,"date":"2018-10-15T10:00:48","date_gmt":"2018-10-15T13:00:48","guid":{"rendered":"http:\/\/bbconsultoria.net\/site\/?p=6503"},"modified":"2019-01-16T05:16:50","modified_gmt":"2019-01-16T07:16:50","slug":"mercado-eleva-expectativa-para-inflacao-mas-reduz-conta-para-dolar","status":"publish","type":"post","link":"https:\/\/bbconsultoria.net\/site\/mercado-eleva-expectativa-para-inflacao-mas-reduz-conta-para-dolar\/","title":{"rendered":"Mercado eleva expectativa para infla\u00e7\u00e3o, mas reduz conta para d\u00f3lar"},"content":{"rendered":"<h3>Pesquisa Focus divulgada nesta segunda-feira pelo Banco Central mostrou que a expectativa agora \u00e9 de uma infla\u00e7\u00e3o de 4,43 por cento em 2018<\/h3>\n<p>O mercado voltou a aumentar a proje\u00e7\u00e3o para a infla\u00e7\u00e3o neste ano, mas reduziu a expectativa para o d\u00f3lar, al\u00e9m de deixar inalterados os cen\u00e1rios para a atividade econ\u00f4mica e para taxa b\u00e1sica de juros, na esteira do avan\u00e7o de Jair Bolsonaro (PSL) e Fernando Haddad (PT) para o segundo turno da elei\u00e7\u00e3o presidencial.<\/p>\n<p>A pesquisa Focus divulgada nesta segunda-feira pelo Banco Central mostrou que a expectativa agora \u00e9 de uma infla\u00e7\u00e3o de 4,43 por cento em 2018 e de 4,21 por cento em 2019, sobre 4,40 e 4,20 por cento respectivamente no levantamento anterior.<\/p>\n<p>O centro da meta oficial para este ano \u00e9 de 4,50 por cento e, para 2019, de 4,25 por cento. A margem de toler\u00e2ncia para ambos os anos \u00e9 de 1,5 ponto percentual para mais ou menos.<\/p>\n<p>O aumento nas expectativas para a alta do IPCA acontece apesar da redu\u00e7\u00e3o na conta para o d\u00f3lar este ano a 3,81 reais, de 3,89 reais antes, e para 3,80 reais em 2019, de 3,83 reais.<\/p>\n<p>Entretanto, para este ano a proje\u00e7\u00e3o para os pre\u00e7os administrados foi elevada a 7,84 por cento, 0,11 ponto percentual a mais do que na pesquisa anterior.<\/p>\n<p>Para o crescimento do Produto Interno Bruto (PIB), entretanto, permanece o c\u00e1lculo de 1,34 por cento neste ano e de 2,50 por cento no pr\u00f3ximo.<\/p>\n<p>Este \u00e9 primeiro levantamento realizado semanalmente pelo BC com proje\u00e7\u00f5es feitas ap\u00f3s o primeiro turno da elei\u00e7\u00e3o \u00e0 Presid\u00eancia da Rep\u00fablica, em que Bolsonaro conquistou uma vota\u00e7\u00e3o expressiva, mas em que Haddad foi salvo pela Regi\u00e3o Nordeste para garantir uma nova rodada de vota\u00e7\u00e3o em 28 de outubro.<\/p>\n<p>A pesquisa semanal com uma centena de economistas mostrou ainda que n\u00e3o mudou a perspectiva de que a Selic terminar\u00e1 este ano a 6,5 por cento e 2019 a 8 por cento. O Top-5, grupo dos que mais acertam as previs\u00f5es, tamb\u00e9m manteve sua proje\u00e7\u00e3o para este ano em 6,5 por cento, mas aumentou a do ano que vem de 7,88 por cento para 8 por cento.<\/p>\n<p><strong>Fonte: <\/strong>EXAME<\/p>\n","protected":false},"excerpt":{"rendered":"<p>Pesquisa Focus divulgada nesta segunda-feira pelo Banco Central mostrou que a expectativa agora \u00e9 de uma infla\u00e7\u00e3o de 4,43 por cento em 2018 O mercado voltou a aumentar a proje\u00e7\u00e3o para a infla\u00e7\u00e3o neste ano, mas reduziu a expectativa para o d\u00f3lar, al\u00e9m de deixar inalterados os cen\u00e1rios para a atividade econ\u00f4mica e para taxa&#8230; <\/p>\n<div class=\"clear\"><\/div>\n<p><a href=\"https:\/\/bbconsultoria.net\/site\/mercado-eleva-expectativa-para-inflacao-mas-reduz-conta-para-dolar\/\" class=\"excerpt-read-more\">Read More<\/a><\/p>\n","protected":false},"author":1,"featured_media":0,"comment_status":"closed","ping_status":"closed","sticky":false,"template":"","format":"standard","meta":{"footnotes":""},"categories":[82],"tags":[],"class_list":["post-6503","post","type-post","status-publish","format-standard","hentry","category-noticias"],"_links":{"self":[{"href":"https:\/\/bbconsultoria.net\/site\/wp-json\/wp\/v2\/posts\/6503","targetHints":{"allow":["GET"]}}],"collection":[{"href":"https:\/\/bbconsultoria.net\/site\/wp-json\/wp\/v2\/posts"}],"about":[{"href":"https:\/\/bbconsultoria.net\/site\/wp-json\/wp\/v2\/types\/post"}],"author":[{"embeddable":true,"href":"https:\/\/bbconsultoria.net\/site\/wp-json\/wp\/v2\/users\/1"}],"replies":[{"embeddable":true,"href":"https:\/\/bbconsultoria.net\/site\/wp-json\/wp\/v2\/comments?post=6503"}],"version-history":[{"count":1,"href":"https:\/\/bbconsultoria.net\/site\/wp-json\/wp\/v2\/posts\/6503\/revisions"}],"predecessor-version":[{"id":6504,"href":"https:\/\/bbconsultoria.net\/site\/wp-json\/wp\/v2\/posts\/6503\/revisions\/6504"}],"wp:attachment":[{"href":"https:\/\/bbconsultoria.net\/site\/wp-json\/wp\/v2\/media?parent=6503"}],"wp:term":[{"taxonomy":"category","embeddable":true,"href":"https:\/\/bbconsultoria.net\/site\/wp-json\/wp\/v2\/categories?post=6503"},{"taxonomy":"post_tag","embeddable":true,"href":"https:\/\/bbconsultoria.net\/site\/wp-json\/wp\/v2\/tags?post=6503"}],"curies":[{"name":"wp","href":"https:\/\/api.w.org\/{rel}","templated":true}]}}