{"id":6489,"date":"2019-01-07T10:30:07","date_gmt":"2019-01-07T12:30:07","guid":{"rendered":"http:\/\/bbconsultoria.net\/site\/?p=6489"},"modified":"2019-01-08T12:24:53","modified_gmt":"2019-01-08T14:24:53","slug":"goldfajn-brasil-tem-economia-fechada-e-dificuldade-de-avancar-reformas","status":"publish","type":"post","link":"https:\/\/bbconsultoria.net\/site\/goldfajn-brasil-tem-economia-fechada-e-dificuldade-de-avancar-reformas\/","title":{"rendered":"Goldfajn: Brasil tem economia fechada e dificuldade de avan\u00e7ar reformas"},"content":{"rendered":"<p><img loading=\"lazy\" decoding=\"async\" class=\"wp-image-6491 aligncenter\" src=\"http:\/\/bbconsultoria.net\/site\/wp-content\/uploads\/2019\/01\/download.jpg\" alt=\"\" width=\"477\" height=\"267\" \/><\/p>\n<h3>Segundo o presidente do BC, as expectativas para a infla\u00e7\u00e3o est\u00e3o pr\u00f3ximas da meta e a taxa b\u00e1sica de juros est\u00e1 no menor n\u00edvel hist\u00f3rico<\/h3>\n<p>Bras\u00edlia \u2013 O presidente do Banco Central, Ilan Goldfajn, destacou, em palestra feita neste domingo, que o Brasil tem uma economia fechada e uma democracia com muitos partidos, o que dificulta o avan\u00e7o de reformas.<\/p>\n<p>Goldfajn falou para alunos da Wharton School, da Universidade da Pensilv\u00e2nia, e a apresenta\u00e7\u00e3o foi divulgada pelo Banco Central. O texto refor\u00e7a que as expectativas para a infla\u00e7\u00e3o nos pr\u00f3ximos meses est\u00e3o pr\u00f3ximas da meta e que a taxa b\u00e1sica de juros (Selic) est\u00e1 no menor n\u00edvel hist\u00f3rico.<\/p>\n<p>Conhe\u00e7a a melhor op\u00e7\u00e3o para criar uma reserva de emerg\u00eancia<br \/>\nPara a recupera\u00e7\u00e3o sustent\u00e1vel da economia, Goldfajn listou a necessidade de reformas fiscais, especialmente da Previd\u00eancia; de garantir a autonomia do Banco Central e de avan\u00e7ar com as reformas estruturais da institui\u00e7\u00e3o previstas na agenda BC+, de reformas para aumento da produtividade e abertura comercial.<\/p>\n<p>\u201cO Brasil precisa continuar no caminho de ajustes e reformas, especialmente da Previd\u00eancia, para garantir confian\u00e7a na sustentabilidade fiscal e conseguir um crescimento maior\u201d, afirmou.<\/p>\n<p>Ele tamb\u00e9m destacou o cen\u00e1rio global \u201cdesafiador\u201d para as economias emergentes, com avers\u00e3o ao risco e incertezas relacionadas \u00e0 guerra comercial. \u201cO Brasil est\u00e1 bem posicionado para resistir a choques\u201d, afirmou, lembrando das reservas internacionais e do fluxo de investimento estrangeiro.<\/p>\n<p><strong>Fonte:<\/strong> EXAME<\/p>\n","protected":false},"excerpt":{"rendered":"<p>Segundo o presidente do BC, as expectativas para a infla\u00e7\u00e3o est\u00e3o pr\u00f3ximas da meta e a taxa b\u00e1sica de juros est\u00e1 no menor n\u00edvel hist\u00f3rico Bras\u00edlia \u2013 O presidente do Banco Central, Ilan Goldfajn, destacou, em palestra feita neste domingo, que o Brasil tem uma economia fechada e uma democracia com muitos partidos, o que&#8230; <\/p>\n<div class=\"clear\"><\/div>\n<p><a href=\"https:\/\/bbconsultoria.net\/site\/goldfajn-brasil-tem-economia-fechada-e-dificuldade-de-avancar-reformas\/\" class=\"excerpt-read-more\">Read More<\/a><\/p>\n","protected":false},"author":1,"featured_media":0,"comment_status":"closed","ping_status":"closed","sticky":false,"template":"","format":"standard","meta":{"footnotes":""},"categories":[82],"tags":[],"class_list":["post-6489","post","type-post","status-publish","format-standard","hentry","category-noticias"],"_links":{"self":[{"href":"https:\/\/bbconsultoria.net\/site\/wp-json\/wp\/v2\/posts\/6489","targetHints":{"allow":["GET"]}}],"collection":[{"href":"https:\/\/bbconsultoria.net\/site\/wp-json\/wp\/v2\/posts"}],"about":[{"href":"https:\/\/bbconsultoria.net\/site\/wp-json\/wp\/v2\/types\/post"}],"author":[{"embeddable":true,"href":"https:\/\/bbconsultoria.net\/site\/wp-json\/wp\/v2\/users\/1"}],"replies":[{"embeddable":true,"href":"https:\/\/bbconsultoria.net\/site\/wp-json\/wp\/v2\/comments?post=6489"}],"version-history":[{"count":2,"href":"https:\/\/bbconsultoria.net\/site\/wp-json\/wp\/v2\/posts\/6489\/revisions"}],"predecessor-version":[{"id":6493,"href":"https:\/\/bbconsultoria.net\/site\/wp-json\/wp\/v2\/posts\/6489\/revisions\/6493"}],"wp:attachment":[{"href":"https:\/\/bbconsultoria.net\/site\/wp-json\/wp\/v2\/media?parent=6489"}],"wp:term":[{"taxonomy":"category","embeddable":true,"href":"https:\/\/bbconsultoria.net\/site\/wp-json\/wp\/v2\/categories?post=6489"},{"taxonomy":"post_tag","embeddable":true,"href":"https:\/\/bbconsultoria.net\/site\/wp-json\/wp\/v2\/tags?post=6489"}],"curies":[{"name":"wp","href":"https:\/\/api.w.org\/{rel}","templated":true}]}}