{"id":6477,"date":"2019-01-03T14:47:47","date_gmt":"2019-01-03T16:47:47","guid":{"rendered":"http:\/\/bbconsultoria.net\/site\/?p=6477"},"modified":"2019-01-03T14:47:47","modified_gmt":"2019-01-03T16:47:47","slug":"algumas-consideracoes-sobre-as-primeiras-medidas-do-presidente-eleito-jair-bolsonaro-e-do-governador-eleito-do-rio-de-janeiro-wilson-witzel","status":"publish","type":"post","link":"https:\/\/bbconsultoria.net\/site\/algumas-consideracoes-sobre-as-primeiras-medidas-do-presidente-eleito-jair-bolsonaro-e-do-governador-eleito-do-rio-de-janeiro-wilson-witzel\/","title":{"rendered":"Algumas considera\u00e7\u00f5es sobre as primeiras medidas do presidente eleito, Jair Bolsonaro, e do governador eleito do Rio de Janeiro, Wilson Witzel"},"content":{"rendered":"<h4>Em Bras\u00edlia&#8230;<\/h4>\n<p>Bolsonaro n\u00e3o fugiu um mil\u00edmetro do que se comprometeu na campanha. Seu governo, claramente, vai fazer um discurso centrado na moderniza\u00e7\u00e3o econ\u00f4mica, no ajuste fiscal e no equil\u00edbrio das contas.<\/p>\n<p>O tom foi todo esse. Agora, vamos ver como ser\u00e3o as primeiras medidas ao longo dessa pr\u00f3xima semana, o que ser\u00e1 muito importante para sinalizar a capacidade de mobiliza\u00e7\u00e3o do Congresso em torno dessa agenda econ\u00f4mica.<\/p>\n<p>O ex-presidente Temer, em que pese, tenha feito um mandato basicamente semi-presidencialista, n\u00e3o conseguiu aprovar a Reforma da Previd\u00eancia, que segundo o Bolsonaro, \u00e9 a sua prioridade, agora, no in\u00edcio do governo.<\/p>\n<p>Um governo feito de uma agenda muito em cima dos costumes, do combate \u00e0 corrup\u00e7\u00e3o e \u00e0 criminalidade. Esse vai ser o tom e ser\u00e3o as prioridades, ao longo desses primeiros dias de governo.<\/p>\n<p>Por enquanto, do ponto de vista da Comunica\u00e7\u00e3o, o presidente tem sido bem sucedido.<\/p>\n<h4>No Rio de Janeiro&#8230;<\/h4>\n<p>Aqui no Estado, o governador, tamb\u00e9m, j\u00e1 deu o seu tom claro. Vai ser o combate \u00e0 criminalidade, o endurecimento contra as quadrilhas de traficantes, o abate de bandidos portando fuzil. Ele continua nessa tecla. \u00c9 algo que agrada muito \u00e0 maioria da popula\u00e7\u00e3o e desagrada os ditos especialistas.<\/p>\n<p>Agora, os problemas do Witzel s\u00e3o maiores. H\u00e1 um desequil\u00edbrio muito violento no estado. As medidas tomadas, como o corte de 30% das despesas liquidadas, excluindo a secretaria de Seguran\u00e7a, Sa\u00fade e Educa\u00e7\u00e3o, s\u00e3o muito pequenas, muito t\u00edmidas.<\/p>\n<p>Haveria a necessidade da demiss\u00e3o de servidores que, hoje, efetivamente, n\u00e3o tem nenhuma fun\u00e7\u00e3o no estado. H\u00e1 um grande n\u00famero de servidores. As medidas deveriam ser mais amargas, mas at\u00e9 agora o governador n\u00e3o se predisp\u00f4s a tom\u00e1-las .<\/p>\n<p>Na quest\u00e3o da Seguran\u00e7a P\u00fablica, vamos ver como vai funcionar a gest\u00e3o da pasta sem um secret\u00e1rio. Acho complicado o governador tratando direto com as pol\u00edcias. Isso j\u00e1 foi feito h\u00e1 40 anos e n\u00e3o deu certo.<\/p>\n<p>Ainda h\u00e1 uma inc\u00f3gnita muito grande de como vai ser o funcionamento do governo de Wilson Witzel, com um secretariado sem nomes muito conhecidos , alguns pol\u00edticos derrotados na elei\u00e7\u00e3o.<\/p>\n<p>Enfim, \u00e9 um governo que n\u00e3o tem nenhuma notoriedade t\u00e9cnica at\u00e9 o momento.<\/p>\n","protected":false},"excerpt":{"rendered":"<p>Em Bras\u00edlia&#8230; Bolsonaro n\u00e3o fugiu um mil\u00edmetro do que se comprometeu na campanha. Seu governo, claramente, vai fazer um discurso centrado na moderniza\u00e7\u00e3o econ\u00f4mica, no ajuste fiscal e no equil\u00edbrio das contas. O tom foi todo esse. Agora, vamos ver como ser\u00e3o as primeiras medidas ao longo dessa pr\u00f3xima semana, o que ser\u00e1 muito importante&#8230; <\/p>\n<div class=\"clear\"><\/div>\n<p><a href=\"https:\/\/bbconsultoria.net\/site\/algumas-consideracoes-sobre-as-primeiras-medidas-do-presidente-eleito-jair-bolsonaro-e-do-governador-eleito-do-rio-de-janeiro-wilson-witzel\/\" class=\"excerpt-read-more\">Read More<\/a><\/p>\n","protected":false},"author":1,"featured_media":0,"comment_status":"closed","ping_status":"closed","sticky":false,"template":"","format":"standard","meta":{"footnotes":""},"categories":[82],"tags":[],"class_list":["post-6477","post","type-post","status-publish","format-standard","hentry","category-noticias"],"_links":{"self":[{"href":"https:\/\/bbconsultoria.net\/site\/wp-json\/wp\/v2\/posts\/6477","targetHints":{"allow":["GET"]}}],"collection":[{"href":"https:\/\/bbconsultoria.net\/site\/wp-json\/wp\/v2\/posts"}],"about":[{"href":"https:\/\/bbconsultoria.net\/site\/wp-json\/wp\/v2\/types\/post"}],"author":[{"embeddable":true,"href":"https:\/\/bbconsultoria.net\/site\/wp-json\/wp\/v2\/users\/1"}],"replies":[{"embeddable":true,"href":"https:\/\/bbconsultoria.net\/site\/wp-json\/wp\/v2\/comments?post=6477"}],"version-history":[{"count":1,"href":"https:\/\/bbconsultoria.net\/site\/wp-json\/wp\/v2\/posts\/6477\/revisions"}],"predecessor-version":[{"id":6478,"href":"https:\/\/bbconsultoria.net\/site\/wp-json\/wp\/v2\/posts\/6477\/revisions\/6478"}],"wp:attachment":[{"href":"https:\/\/bbconsultoria.net\/site\/wp-json\/wp\/v2\/media?parent=6477"}],"wp:term":[{"taxonomy":"category","embeddable":true,"href":"https:\/\/bbconsultoria.net\/site\/wp-json\/wp\/v2\/categories?post=6477"},{"taxonomy":"post_tag","embeddable":true,"href":"https:\/\/bbconsultoria.net\/site\/wp-json\/wp\/v2\/tags?post=6477"}],"curies":[{"name":"wp","href":"https:\/\/api.w.org\/{rel}","templated":true}]}}