{"id":6467,"date":"2019-01-02T15:58:59","date_gmt":"2019-01-02T17:58:59","guid":{"rendered":"http:\/\/bbconsultoria.net\/site\/?p=6467"},"modified":"2019-01-02T15:58:59","modified_gmt":"2019-01-02T17:58:59","slug":"primeiro-desafio-para-psl-de-bolsonaro-as-disputas-pelo-comando-de-legislativos-no-pais","status":"publish","type":"post","link":"https:\/\/bbconsultoria.net\/site\/primeiro-desafio-para-psl-de-bolsonaro-as-disputas-pelo-comando-de-legislativos-no-pais\/","title":{"rendered":"Primeiro desafio para PSL de Bolsonaro: as disputas pelo comando de Legislativos no pa\u00eds"},"content":{"rendered":"<p><img loading=\"lazy\" decoding=\"async\" class=\"alignnone size-full wp-image-6464 aligncenter\" src=\"http:\/\/bbconsultoria.net\/site\/wp-content\/uploads\/2019\/01\/x80470103_PA-Brasilia-BSB-01-01-2018-Posse-do-Presedente-Jair-Bolsonaro-na-foto-o-desfile-em-carro-ab.jpg.pagespeed.ic_.GaXORSlYmp.jpg\" alt=\"\" width=\"666\" height=\"375\" srcset=\"https:\/\/bbconsultoria.net\/site\/wp-content\/uploads\/2019\/01\/x80470103_PA-Brasilia-BSB-01-01-2018-Posse-do-Presedente-Jair-Bolsonaro-na-foto-o-desfile-em-carro-ab.jpg.pagespeed.ic_.GaXORSlYmp.jpg 666w, https:\/\/bbconsultoria.net\/site\/wp-content\/uploads\/2019\/01\/x80470103_PA-Brasilia-BSB-01-01-2018-Posse-do-Presedente-Jair-Bolsonaro-na-foto-o-desfile-em-carro-ab.jpg.pagespeed.ic_.GaXORSlYmp-300x169.jpg 300w\" sizes=\"auto, (max-width: 666px) 100vw, 666px\" \/><\/p>\n<h3>Al\u00e9m das elei\u00e7\u00f5es na C\u00e2mara e no Senado, habilidade do partido do novo presidente ser\u00e1 testada nas assembleias de Rio de Janeiro e S\u00e3o Paulo<\/h3>\n<p>Com Jair Bolsonaro empossado como o 38\u00ba presidente da Rep\u00fablica do Brasil, o primeiro desafio que surge para seu partido, o antes nanico PSL, \u00e9 a disputa pelo comando de casas legislativas pelo pa\u00eds. N\u00e3o apenas na C\u00e2mara e no Senado, mas tamb\u00e9m nas assembleias de Rio de Janeiro e S\u00e3o Paulo.<\/p>\n<p>Deputada estadual eleita com mais votos na hist\u00f3ria, Janaina Paschoal deseja se candidatar \u00e0 presid\u00eancia do Legislativo paulista. \u00c9 tradi\u00e7\u00e3o na casa \u2014 como em qualquer outra \u2014 que a legenda com a maior quantidade de deputados comande o Parlamento. Neste caso, o nome da advogada do impeachment ganha for\u00e7a (o PSL elegeu 15 deputados contra dez do PSDB, que governa o estado desde 1995 com M\u00e1rio Covas).<\/p>\n<p>\u00c9 preciso lembrar, contudo, que quem comanda o governo de S\u00e3o Paulo ainda s\u00e3o os tucanos. Jo\u00e3o Doria aproximou-se do discurso de Bolsonaro para vencer a elei\u00e7\u00e3o, mas da\u00ed a achar que os tucanos v\u00e3o entregar de bandeja a Alesp para o neoaliado h\u00e1 uma dist\u00e2ncia consider\u00e1vel. O deputado do PSDB Cau\u00ea Macris \u00e9 o presidente at\u00e9 fevereiro de 2019 e h\u00e1 movimenta\u00e7\u00f5es acontecendo para que a legenda siga no comando da assembleia.<\/p>\n<p>No Rio, o cen\u00e1rio com Wilson Witzel, do PSC, \u00e9 semelhante. O PSL ter\u00e1 a maior bancada estadual, com 13 integrantes, mas n\u00e3o estar\u00e1 \u00e0 frente do Pal\u00e1cio Guanabara. Mais votado em 92 munic\u00edpios, o deputado Rodrigo Amorim (aquele que quebrou a placa em homenagem \u00e0 vereadora eleita) chegou a declarar depois da elei\u00e7\u00e3o que n\u00e3o se candidataria \u00e0 presid\u00eancia da Alerj.<\/p>\n<p>Em dezembro, contudo, em conversas privadas, ele voltou a admitir a possibilidade. Outros nomes querem o posto, e o governador empossado na manh\u00e3 desta ter\u00e7a-feira, at\u00e9 agora, n\u00e3o sinalizou em que dire\u00e7\u00e3o caminhar\u00e1. O caso Queiroz, que enfraqueceu Fl\u00e1vio Bolsonaro, o grande padrinho pol\u00edtico de Rodrigo Amorim, pode atrapalhar suas ambi\u00e7\u00f5es.<\/p>\n<p>Em Bras\u00edlia, h\u00e1 uma diferen\u00e7a na postura do PSL na compara\u00e7\u00e3o com Rio e S\u00e3o Paulo. O partido n\u00e3o vai disputar os comandos das duas casas legislativas. No Senado, a \u00fanica certeza que a fam\u00edlia Bolsonaro j\u00e1 externou em declara\u00e7\u00f5es foi que trabalhar\u00e1 contra a elei\u00e7\u00e3o de Renan Calheiros. &#8220;N\u00e3o \u00e9 o que a popula\u00e7\u00e3o espera&#8221;, disse o filho Fl\u00e1vio no fim de novembro, para especular poss\u00edveis apoios a Davi Alcolumbre (DEM-AP), Lasier Martins (PSD-RS), Espiridi\u00e3o Amin (PP-SC) e Alvaro Dias (Podemos-PR).<\/p>\n<p>Na C\u00e2mara, Eduardo Bolsonaro chegou a cogitar se candidatar ao lugar de Rodrigo Maia (que tentar\u00e1 a reelei\u00e7\u00e3o), mas desistiu. Em 7 de dezembro, O Globo publicou reportagem mostrando que pelo menos oito nomes pretendem buscar a presid\u00eancia. S\u00e3o eles, al\u00e9m de Maia: Alceu Moreira (MDB-RS), Jo\u00e3o Campos (PRB-GO), Capit\u00e3o Augusto (PR-SP), F\u00e1bio Ramalho (MDB-MG), JHC (PSL-AL), Delegado Waldir (PSL-GO) e Giacobo (PR-PR).<\/p>\n<p>Depois do desempenho surpreendente nas urnas, h\u00e1 um fator mais importante para o PSL de Bolsonaro do que eleger seus pr\u00f3prios representantes como presidentes de um Poder. Importante parecer que n\u00e3o saiu derrotado em nenhuma das disputas de fevereiro. Desta forma, o partido, novato como ator protagonista da pol\u00edtica, poder\u00e1 sair ainda mais fortalecido no pr\u00f3ximo m\u00eas.<\/p>\n<p><strong>Fonte:<\/strong> \u00c9POCA<\/p>\n","protected":false},"excerpt":{"rendered":"<p>Al\u00e9m das elei\u00e7\u00f5es na C\u00e2mara e no Senado, habilidade do partido do novo presidente ser\u00e1 testada nas assembleias de Rio de Janeiro e S\u00e3o Paulo Com Jair Bolsonaro empossado como o 38\u00ba presidente da Rep\u00fablica do Brasil, o primeiro desafio que surge para seu partido, o antes nanico PSL, \u00e9 a disputa pelo comando de&#8230; <\/p>\n<div class=\"clear\"><\/div>\n<p><a href=\"https:\/\/bbconsultoria.net\/site\/primeiro-desafio-para-psl-de-bolsonaro-as-disputas-pelo-comando-de-legislativos-no-pais\/\" class=\"excerpt-read-more\">Read More<\/a><\/p>\n","protected":false},"author":1,"featured_media":0,"comment_status":"closed","ping_status":"closed","sticky":false,"template":"","format":"standard","meta":{"footnotes":""},"categories":[82],"tags":[],"class_list":["post-6467","post","type-post","status-publish","format-standard","hentry","category-noticias"],"_links":{"self":[{"href":"https:\/\/bbconsultoria.net\/site\/wp-json\/wp\/v2\/posts\/6467","targetHints":{"allow":["GET"]}}],"collection":[{"href":"https:\/\/bbconsultoria.net\/site\/wp-json\/wp\/v2\/posts"}],"about":[{"href":"https:\/\/bbconsultoria.net\/site\/wp-json\/wp\/v2\/types\/post"}],"author":[{"embeddable":true,"href":"https:\/\/bbconsultoria.net\/site\/wp-json\/wp\/v2\/users\/1"}],"replies":[{"embeddable":true,"href":"https:\/\/bbconsultoria.net\/site\/wp-json\/wp\/v2\/comments?post=6467"}],"version-history":[{"count":1,"href":"https:\/\/bbconsultoria.net\/site\/wp-json\/wp\/v2\/posts\/6467\/revisions"}],"predecessor-version":[{"id":6468,"href":"https:\/\/bbconsultoria.net\/site\/wp-json\/wp\/v2\/posts\/6467\/revisions\/6468"}],"wp:attachment":[{"href":"https:\/\/bbconsultoria.net\/site\/wp-json\/wp\/v2\/media?parent=6467"}],"wp:term":[{"taxonomy":"category","embeddable":true,"href":"https:\/\/bbconsultoria.net\/site\/wp-json\/wp\/v2\/categories?post=6467"},{"taxonomy":"post_tag","embeddable":true,"href":"https:\/\/bbconsultoria.net\/site\/wp-json\/wp\/v2\/tags?post=6467"}],"curies":[{"name":"wp","href":"https:\/\/api.w.org\/{rel}","templated":true}]}}