{"id":6462,"date":"2019-01-02T10:00:47","date_gmt":"2019-01-02T12:00:47","guid":{"rendered":"http:\/\/bbconsultoria.net\/site\/?p=6462"},"modified":"2019-01-02T15:57:15","modified_gmt":"2019-01-02T17:57:15","slug":"bolsonaro-promete-unir-o-brasil-valorizar-a-familia-e-libertar-pais-do-socialismo","status":"publish","type":"post","link":"https:\/\/bbconsultoria.net\/site\/bolsonaro-promete-unir-o-brasil-valorizar-a-familia-e-libertar-pais-do-socialismo\/","title":{"rendered":"Bolsonaro promete unir o Brasil, valorizar a fam\u00edlia e libertar pa\u00eds do socialismo"},"content":{"rendered":"<h3><img loading=\"lazy\" decoding=\"async\" class=\"wp-image-6465 aligncenter\" src=\"http:\/\/bbconsultoria.net\/site\/wp-content\/uploads\/2019\/01\/15463660935c2bac8d6aa21_1546366093_3x2_rt-1.jpg\" alt=\"\" width=\"665\" height=\"443\" srcset=\"https:\/\/bbconsultoria.net\/site\/wp-content\/uploads\/2019\/01\/15463660935c2bac8d6aa21_1546366093_3x2_rt-1.jpg 1600w, https:\/\/bbconsultoria.net\/site\/wp-content\/uploads\/2019\/01\/15463660935c2bac8d6aa21_1546366093_3x2_rt-1-300x200.jpg 300w, https:\/\/bbconsultoria.net\/site\/wp-content\/uploads\/2019\/01\/15463660935c2bac8d6aa21_1546366093_3x2_rt-1-768x512.jpg 768w, https:\/\/bbconsultoria.net\/site\/wp-content\/uploads\/2019\/01\/15463660935c2bac8d6aa21_1546366093_3x2_rt-1-1024x683.jpg 1024w\" sizes=\"auto, (max-width: 665px) 100vw, 665px\" \/><\/h3>\n<h3>Em discursos, ele defende pa\u00eds sem amarras ideol\u00f3gicas e disse ter como prioridade revigorar a democracia<\/h3>\n<p>Nos dois discursos j\u00e1 como presidente empossado &#8211;no Congresso Nacional e no parlat\u00f3rio do Pal\u00e1cio do Planalto&#8211;, Jair Bolsonaro refor\u00e7ou nesta ter\u00e7a-feira (1\u00ba) o antagonismo com a esquerda, afirmando que seu governo ir\u00e1 trabalhar contra o que classificou como &#8220;ideologias nefastas&#8221;.<\/p>\n<p>&#8220;Essa \u00e9 a nossa bandeira, que jamais ser\u00e1 vermelha. S\u00f3 ser\u00e1 vermelha se for preciso o nosso sangue para mant\u00ea-la verde e amarela&#8221;, discursou a um entusiasmado e participativo p\u00fablico na pra\u00e7a dos Tr\u00eas Poderes.<\/p>\n<p>Em seu discurso aos parlamentares aliados, que o aplaudiram v\u00e1rias vezes, Bolsonaro usou por quatro vezes a palavra ideologia e suas varia\u00e7\u00f5es.<\/p>\n<p>&#8220;Convoco cada um dos congressistas para me ajudarem na miss\u00e3o de restaurar e de reerguer nossa p\u00e1tria, libertando-a, definitivamente, do jugo da corrup\u00e7\u00e3o, da criminalidade, da irresponsabilidade econ\u00f4mica e da submiss\u00e3o ideol\u00f3gica. Vamos unir o povo, valorizar a fam\u00edlia, respeitar as religi\u00f5es e nossa tradi\u00e7\u00e3o judaico-crist\u00e3, combater a ideologia de g\u00eanero, conservando nossos valores. O Brasil voltar\u00e1 a ser um pa\u00eds livre das amarras ideol\u00f3gicas&#8221;, afirmou no plen\u00e1rio.<\/p>\n<p>Uma de suas bandeiras de campanha \u00e9 a chamada Escola Sem Partido, projeto que prev\u00ea mudan\u00e7as no ensino no pa\u00eds contra o que seria uma doutrina\u00e7\u00e3o partid\u00e1ria de esquerda por professores e discuss\u00f5es sobre g\u00eanero em sala de aula.<\/p>\n<p>Bolsonaro tamb\u00e9m indicou, em sua fala aos parlamentares, uma gest\u00e3o contr\u00e1ria a regulamentos do poder p\u00fablico e a favor de tirar encargos do setor produtivo.<\/p>\n<p>O presidente tamb\u00e9m refor\u00e7ou seu compromisso de campanha de facilitar ao cidad\u00e3o o acesso a armas e de trabalhar para dar maior respaldo aos policiais, em conson\u00e2ncia com a tese de que hoje eles n\u00e3o t\u00eam seguran\u00e7a jur\u00eddica para o combate \u00e0 criminalidade.<\/p>\n<p>Cat\u00f3lico e casado com uma evang\u00e9lica, o presidente tamb\u00e9m fez v\u00e1rias refer\u00eancias a Deus, em agradecimento ao fato de ter sobrevivido \u00e0 tentativa de assassinato a faca que sofreu em Juiz de Fora (MG), no m\u00eas de setembro.<\/p>\n<p>&#8220;Quando os inimigos da p\u00e1tria, da ordem e da liberdade tentaram p\u00f4r fim \u00e0 minha vida, milh\u00f5es de brasileiros foram \u00e0s ruas. Uma campanha eleitoral transformou-se em um movimento c\u00edvico, cobriu-se de verde e amarelo, tornou-se espont\u00e2neo, forte e indestrut\u00edvel, e nos trouxe at\u00e9 aqui&#8221;, disse.<\/p>\n<p>Embora dependa do Congresso para aprovar aquela que \u00e9 apontada como medida crucial na \u00e1rea econ\u00f4mica, a reforma da Previd\u00eancia, Bolsonaro n\u00e3o a citou nominalmente. Mas prometeu resgatar a legitimidade e credibilidade do Congresso e pediu apoio para reformas estruturantes.<\/p>\n<p>&#8220;Na economia traremos a marca da confian\u00e7a, do interesse nacional, do livre mercado e da efici\u00eancia&#8221;, afirmou, prometendo menos regulamenta\u00e7\u00e3o e burocracia ao setor produtivo.<\/p>\n<p>Ele tamb\u00e9m reafirmou a inten\u00e7\u00e3o de repassar mais recursos para estados e munic\u00edpios e o o compromisso com a democracia.<\/p>\n<h4>No momento em que assinava os termos de posse, Bolsonaro ouviu e fez piada com os parlamentares.<\/h4>\n<p>Em um dos momentos, disse que estava casando com eles. Em outro, brincou com o fato de seu vice-Hamilton Mour\u00e3o, ser general. &#8220;Agora o capit\u00e3o [patente de Bolsonaro] vai mandar no general&#8221;, afirmou.<\/p>\n<p>Al\u00e9m da mulher, Michelle, estavam presentes seus tr\u00eas filhos pol\u00edticos \u2014Fl\u00e1vio (eleito senador), Eduardo (reeleito deputado federal), Carlos (vereador do Rio de Janeiro) e o jovem Jair Renan. Sua m\u00e3e, Olinda, esteve na solenidade do Pal\u00e1cio do Planalto.<\/p>\n<p>Ap\u00f3s deixar o Congresso, Bolsonaro recebeu a faixa presidencial de Michel Temer, no Pal\u00e1cio do Planalto, discursou no parlat\u00f3rio e deu posse aos seus 22 ministros.<\/p>\n<p>Ele repetiu o tom de antagonismo com a esquerda. &#8220;\u00c9 com humildade e honra que me dirijo a todos voc\u00eas como presidente do Brasil. E me coloco diante de toda a na\u00e7\u00e3o, neste dia, como o dia em que o povo come\u00e7ou a se libertar do socialismo, se libertar da invers\u00e3o de valores, do gigantismo estatal e do politicamente correto&#8221;, discursou o novo presidente.<\/p>\n<p>\u00c0 popula\u00e7\u00e3o que foi assistir a sua posse, Bolsonaro falou mais sobre corrup\u00e7\u00e3o.&#8221;A corrup\u00e7\u00e3o, os privil\u00e9gios e as vantagens precisam acabar. Os favores politizados, partidarizados devem ficar no passado, para que o governo e a economia sirvam de verdade a toda a na\u00e7\u00e3o. Temos o grande desafio de enfrentar os efeitos da crise econ\u00f4mica, do desemprego recorde, da ideologiza\u00e7\u00e3o de nossas crian\u00e7as, do desvirtuamento dos direitos humanos e da desconstru\u00e7\u00e3o da fam\u00edlia.&#8221;<\/p>\n<p>De acordo com o GSI (Gabinete de Seguran\u00e7a Institucional), um p\u00fablico de 115 mil participou da posse de Jair Bolsonaro.<\/p>\n<p>O n\u00famero \u00e9 abaixo da estimativa do Pal\u00e1cio do Planalto, que contava com 200 mil pessoas, mas superior ao da \u00faltima posse presidencial, de Dilma Rousseff (2015), estimado em 40 mil.<\/p>\n<p>Em 2003, na primeira posse do ex-presidente Lula, 71 mil pessoas estiveram presentes nos arredores do Pal\u00e1cio do Planalto.<\/p>\n<p>V\u00e1rios apoiadores se vestiram de verde e amarelo e entoavam gritos como &#8220;mito&#8221; e &#8220;o capit\u00e3o chegou&#8221;.<\/p>\n<p>Principal chefe de governo a prestigiar a posse em Bras\u00edlia, o primeiro-ministro de Israel, Binyamin Netanyahu, declarou ter percebido uma &#8220;recep\u00e7\u00e3o entusiasmada&#8221; das pessoas no pa\u00eds.<\/p>\n<p>Outros representantes da direita presentes foram Viktor Orb\u00e1n, primeiro-ministro da Hungria, e Mike Pompeo, secret\u00e1rio de Estado norte-americano.<\/p>\n<p>O presidente Donald Trump publicou nas redes sociais congratula\u00e7\u00f5es pela posse de Bolsonaro, afirmando que o brasileiro fez um \u00f3timo discurso e que os Estados Unidos est\u00e1 com ele.<\/p>\n<p>Tamb\u00e9m nas redes, Bolsonaro respondeu afirmando esperar que juntos e com a prote\u00e7\u00e3o de Deus, tragam prosperidade e progresso aos dois pa\u00edses.<\/p>\n<p>A nota destoante entre os l\u00edderes estrangeiros na solenidade foi a presen\u00e7a do esquerdista Evo Morales, presidente da Bol\u00edvia.<\/p>\n<p>A cerim\u00f4nia teve a presen\u00e7a de 2 dos 5 ex-presidentes da Rep\u00fablica vivos: Fernando Collor (atual senador pelo PTC) e Jos\u00e9 Sarney (MDB) chegaram ao Pal\u00e1cio do Planalto para a cerim\u00f4nia.<\/p>\n<p>De acordo com Itamaraty, respons\u00e1vel pelos convites, Dilma Rousseff (PT) e Fernando Henrique Cardoso (PSDB) tamb\u00e9m foram convidados.<\/p>\n<p>Apenas Luiz In\u00e1cio Lula da Silva (PT) n\u00e3o foi chamado, por estar preso em Curitiba, cumprindo pena por corrup\u00e7\u00e3o na Superintend\u00eancia da Pol\u00edcia Federal .<\/p>\n<h4>COM COLETE, PRESIDENTE DESFILA EM CARRO ABERTO<\/h4>\n<p>Apesar do conselho da equipe de seguran\u00e7a, Bolsonaro decidiu desfilar pelas Esplanada dos Minist\u00e9rios em carro aberto &#8211;o tradicional Rolls Royce que transporta presidentes em eventos desde 1953, no governo Get\u00falio Vargas.<\/p>\n<p>Como uma medida de precau\u00e7\u00e3o, o presidente usou um colete \u00e0 prova de balas por baixo do terno usado na cerim\u00f4nia de posse.<\/p>\n<p>Segundo relatos feitos \u00e0 Folha, o uso do artefato foi uma sugest\u00e3o de sua pr\u00f3pria equipe. Nos \u00faltimos dias, o GSI (Gabinete de Seguran\u00e7a Institucional) vinha recomendando ao novo presidente que fizesse o desfile em carro fechado, para evitar um eventual ataque, mas ele n\u00e3o seguiu a orienta\u00e7\u00e3o.<\/p>\n<p>O Pal\u00e1cio do Planalto recebeu, inclusive, cartas de eleitores do novo presidente pedindo para que n\u00e3o permitissem que ele se expusesse durante o trajeto. Por quest\u00e3o de seguran\u00e7a, atiradores de elite foram posicionados no trajeto do carro oficial.<\/p>\n<p>Apesar de policiais escoltarem o ve\u00edculo, correndo ao seu lado, um dos filhos de Bolsonaro, Carlos, tamb\u00e9m foi no carro, sentado na parte de tr\u00e1s. Ele \u00e9 o filho mais pr\u00f3ximo de Bolsonaro e costuma esperar que o pai embarque em carros ap\u00f3s compromissos p\u00fablicos, atuando como uma esp\u00e9cie de guarda-costas informal.<\/p>\n<p><strong>Fonte:<\/strong> FOLHA<\/p>\n","protected":false},"excerpt":{"rendered":"<p>Em discursos, ele defende pa\u00eds sem amarras ideol\u00f3gicas e disse ter como prioridade revigorar a democracia Nos dois discursos j\u00e1 como presidente empossado &#8211;no Congresso Nacional e no parlat\u00f3rio do Pal\u00e1cio do Planalto&#8211;, Jair Bolsonaro refor\u00e7ou nesta ter\u00e7a-feira (1\u00ba) o antagonismo com a esquerda, afirmando que seu governo ir\u00e1 trabalhar contra o que classificou como&#8230; <\/p>\n<div class=\"clear\"><\/div>\n<p><a href=\"https:\/\/bbconsultoria.net\/site\/bolsonaro-promete-unir-o-brasil-valorizar-a-familia-e-libertar-pais-do-socialismo\/\" class=\"excerpt-read-more\">Read More<\/a><\/p>\n","protected":false},"author":1,"featured_media":0,"comment_status":"closed","ping_status":"closed","sticky":false,"template":"","format":"standard","meta":{"footnotes":""},"categories":[82],"tags":[],"class_list":["post-6462","post","type-post","status-publish","format-standard","hentry","category-noticias"],"_links":{"self":[{"href":"https:\/\/bbconsultoria.net\/site\/wp-json\/wp\/v2\/posts\/6462","targetHints":{"allow":["GET"]}}],"collection":[{"href":"https:\/\/bbconsultoria.net\/site\/wp-json\/wp\/v2\/posts"}],"about":[{"href":"https:\/\/bbconsultoria.net\/site\/wp-json\/wp\/v2\/types\/post"}],"author":[{"embeddable":true,"href":"https:\/\/bbconsultoria.net\/site\/wp-json\/wp\/v2\/users\/1"}],"replies":[{"embeddable":true,"href":"https:\/\/bbconsultoria.net\/site\/wp-json\/wp\/v2\/comments?post=6462"}],"version-history":[{"count":1,"href":"https:\/\/bbconsultoria.net\/site\/wp-json\/wp\/v2\/posts\/6462\/revisions"}],"predecessor-version":[{"id":6466,"href":"https:\/\/bbconsultoria.net\/site\/wp-json\/wp\/v2\/posts\/6462\/revisions\/6466"}],"wp:attachment":[{"href":"https:\/\/bbconsultoria.net\/site\/wp-json\/wp\/v2\/media?parent=6462"}],"wp:term":[{"taxonomy":"category","embeddable":true,"href":"https:\/\/bbconsultoria.net\/site\/wp-json\/wp\/v2\/categories?post=6462"},{"taxonomy":"post_tag","embeddable":true,"href":"https:\/\/bbconsultoria.net\/site\/wp-json\/wp\/v2\/tags?post=6462"}],"curies":[{"name":"wp","href":"https:\/\/api.w.org\/{rel}","templated":true}]}}