{"id":6443,"date":"2018-12-19T12:00:04","date_gmt":"2018-12-19T14:00:04","guid":{"rendered":"http:\/\/bbconsultoria.net\/site\/?p=6443"},"modified":"2018-12-24T12:39:07","modified_gmt":"2018-12-24T14:39:07","slug":"a-pequenez-do-tribunal","status":"publish","type":"post","link":"https:\/\/bbconsultoria.net\/site\/a-pequenez-do-tribunal\/","title":{"rendered":"A pequenez do tribunal"},"content":{"rendered":"<h3>A\u00e7\u00e3o de ministros demonstra que TCU ainda abriga h\u00e1bitos arcaicos da administra\u00e7\u00e3o p\u00fablica<\/h3>\n<p>O impeachment de Dilma Rousseff constituiu um marco no fortalecimento institucional do Tribunal de Contas da Uni\u00e3o. Ao reprovar os procedimentos or\u00e7ament\u00e1rios do governo, o que n\u00e3o ocorria desde 1937, o \u00f3rg\u00e3o deu amparo t\u00e9cnico ao processo que dep\u00f4s a petista.<\/p>\n<p>Desde ent\u00e3o, o TCU, que j\u00e1 se tornara mais atuante com a democratiza\u00e7\u00e3o do pa\u00eds, passou a ser consultado a respeito de cada passo na gest\u00e3o das finan\u00e7as federais, cujo estado calamitoso ainda amea\u00e7a os mandatos presidenciais.<\/p>\n<p>Avan\u00e7os, sem d\u00favida, mas que n\u00e3o resultaram de alguma transforma\u00e7\u00e3o das pr\u00e1ticas do tribunal. A rejei\u00e7\u00e3o das contas de Dilma, em 2015, s\u00f3 se deu quando a administra\u00e7\u00e3o j\u00e1 enfrentava amplo rep\u00fadio nos meios pol\u00edticos, nos mercados e nas ruas \u2014e as manobras cont\u00e1beis que motivaram a decis\u00e3o contavam ao menos tr\u00eas anos.<\/p>\n<p>Em contraste com a expans\u00e3o de seus poderes e responsabilidades, o TCU ainda abriga h\u00e1bitos arcaicos da administra\u00e7\u00e3o p\u00fablica nacional. Um exemplo foi flagrado h\u00e1 pouco por esta Folha.<\/p>\n<p>Transcorria no \u00faltimo dia 12 uma sess\u00e3o que caminhava para condenar dois ex-dirigentes do Senado Federal a devolver R$ 14 milh\u00f5es, no m\u00ednimo, aos cofres p\u00fablicos. Havia quatro votos a tr\u00eas pela puni\u00e7\u00e3o quando uma descarada a\u00e7\u00e3o entre amigos entrou em cena.<\/p>\n<p>Dois ministros, Aroldo Cedraz e Raimundo Carreiro \u2014que antes haviam se declarado impedidos de participar do julgamento, em raz\u00e3o da proximidade com os envolvidos\u2014 decidiram interferir na decis\u00e3o e viraram o placar.<\/p>\n<p>A despeito do nome, o TCU \u00e9 um \u00f3rg\u00e3o vinculado ao Congresso Nacional, que nomeia 6 dos 9 ministros. Tais postos, dos mais atrativos na m\u00e1quina estatal, s\u00e3o disputados \u00e0 base de conchavos partid\u00e1rios e trocas de favores.<\/p>\n<p>N\u00e3o espanta, pois, que o processo contra dois ex-colegas \u2014Efraim Morais e Agaciel Maia, que foram, respectivamente, primeiro-secret\u00e1rio e diretor-geral do Senado, acusados de desvio em contrato de terceiriza\u00e7\u00e3o\u2014 tenha ficado parado por cinco anos at\u00e9 o julgamento.<\/p>\n<p>O oportunismo dos desimpedidos apequena o tribunal, mas \u00e9 apenas uma amostra dos desmandos que podem resultar de sua associa\u00e7\u00e3o \u00e0 pol\u00edtica mais rasteira. Crit\u00e9rios mais profissionais para a escolha de dirigentes se fazem ainda mais necess\u00e1rios diante da relev\u00e2ncia assumida pela institui\u00e7\u00e3o.<\/p>\n<p><strong>Fonte:<\/strong> FOLHA<\/p>\n","protected":false},"excerpt":{"rendered":"<p>A\u00e7\u00e3o de ministros demonstra que TCU ainda abriga h\u00e1bitos arcaicos da administra\u00e7\u00e3o p\u00fablica O impeachment de Dilma Rousseff constituiu um marco no fortalecimento institucional do Tribunal de Contas da Uni\u00e3o. Ao reprovar os procedimentos or\u00e7ament\u00e1rios do governo, o que n\u00e3o ocorria desde 1937, o \u00f3rg\u00e3o deu amparo t\u00e9cnico ao processo que dep\u00f4s a petista. Desde&#8230; <\/p>\n<div class=\"clear\"><\/div>\n<p><a href=\"https:\/\/bbconsultoria.net\/site\/a-pequenez-do-tribunal\/\" class=\"excerpt-read-more\">Read More<\/a><\/p>\n","protected":false},"author":1,"featured_media":0,"comment_status":"closed","ping_status":"closed","sticky":false,"template":"","format":"standard","meta":{"footnotes":""},"categories":[82],"tags":[],"class_list":["post-6443","post","type-post","status-publish","format-standard","hentry","category-noticias"],"_links":{"self":[{"href":"https:\/\/bbconsultoria.net\/site\/wp-json\/wp\/v2\/posts\/6443","targetHints":{"allow":["GET"]}}],"collection":[{"href":"https:\/\/bbconsultoria.net\/site\/wp-json\/wp\/v2\/posts"}],"about":[{"href":"https:\/\/bbconsultoria.net\/site\/wp-json\/wp\/v2\/types\/post"}],"author":[{"embeddable":true,"href":"https:\/\/bbconsultoria.net\/site\/wp-json\/wp\/v2\/users\/1"}],"replies":[{"embeddable":true,"href":"https:\/\/bbconsultoria.net\/site\/wp-json\/wp\/v2\/comments?post=6443"}],"version-history":[{"count":1,"href":"https:\/\/bbconsultoria.net\/site\/wp-json\/wp\/v2\/posts\/6443\/revisions"}],"predecessor-version":[{"id":6444,"href":"https:\/\/bbconsultoria.net\/site\/wp-json\/wp\/v2\/posts\/6443\/revisions\/6444"}],"wp:attachment":[{"href":"https:\/\/bbconsultoria.net\/site\/wp-json\/wp\/v2\/media?parent=6443"}],"wp:term":[{"taxonomy":"category","embeddable":true,"href":"https:\/\/bbconsultoria.net\/site\/wp-json\/wp\/v2\/categories?post=6443"},{"taxonomy":"post_tag","embeddable":true,"href":"https:\/\/bbconsultoria.net\/site\/wp-json\/wp\/v2\/tags?post=6443"}],"curies":[{"name":"wp","href":"https:\/\/api.w.org\/{rel}","templated":true}]}}