{"id":6433,"date":"2018-12-13T15:00:23","date_gmt":"2018-12-13T17:00:23","guid":{"rendered":"http:\/\/bbconsultoria.net\/site\/?p=6433"},"modified":"2018-12-21T19:03:29","modified_gmt":"2018-12-21T21:03:29","slug":"nao-vejo-problema-algum-em-fatiar-a-reforma-da-previdencia-diz-secretario-do-tesouro","status":"publish","type":"post","link":"https:\/\/bbconsultoria.net\/site\/nao-vejo-problema-algum-em-fatiar-a-reforma-da-previdencia-diz-secretario-do-tesouro\/","title":{"rendered":"&#8216;N\u00e3o vejo problema algum em fatiar a reforma da Previd\u00eancia\u2019, diz secret\u00e1rio do Tesouro"},"content":{"rendered":"<h3>Mansueto Almeida, que permanecer\u00e1 na equipe do governo eleito, disse que, apesar de n\u00e3o haver consenso, h\u00e1 grande possibilidade de aprova\u00e7\u00e3o da reforma em 2019.<\/h3>\n<p>O secret\u00e1rio do Tesouro Nacional, Mansueto Almeida, afirmou nesta quarta-feira (12) que a reforma da Previd\u00eancia tem grandes chances de ser aprovada em 2019 e acrescentou n\u00e3o ver \u201cproblema algum\u201d se ela for fatiada, hip\u00f3tese sugerida pelo governo eleito.<\/p>\n<p>Almeida, que assumiu o cargo em abril deste ano, vai permanecer na equipe econ\u00f4mica do presidente eleito, Jair Bolsonaro, que ter\u00e1 in\u00edcio em 2019.<\/p>\n<h4>Fatiamento da reforma<\/h4>\n<p>Ao contr\u00e1rio do atual ministro da Fazenda, Eduardo Guardia &#8211; que na v\u00e9spera declarou que o fatiamento da reforma n\u00e3o resolve o problema -, Almeida disse n\u00e3o ver \u201cproblema algum com o fatiamento\u201d que Bolsonaro pretende sugerir ao Congresso.<\/p>\n<p>Segundo ele, isso pode significar \u201cv\u00e1rias coisas\u201d, como separar a reforma do Regime Geral (INSS) e dos servidores da cria\u00e7\u00e3o de uma sistema de capitaliza\u00e7\u00e3o, que viria depois.<\/p>\n<p>\u201cH\u00e1 uma grande possibilidade de se aprovar a reforma da Previd\u00eancia em 2019, at\u00e9 porque se n\u00e3o houver reforma, n\u00e3o haver\u00e1 ajuste fiscal\u201d, afirmou a jornalistas durante evento em S\u00e3o Paulo.<\/p>\n<p>Para o secret\u00e1rio do Tesouro, ainda n\u00e3o h\u00e1 um consenso para a reforma da Previd\u00eancia na sociedade quanto a mudan\u00e7as necess\u00e1rias, citando a idade m\u00ednima para a aposentadoria e a regra de transi\u00e7\u00e3o.<\/p>\n<h4>Eleva\u00e7\u00e3o de impostos<\/h4>\n<p>Sobre a recomenda\u00e7\u00e3o da Fazenda de elevar impostos caso a reforma n\u00e3o seja aprovada, Almeida apontou que tanto o governo atual quanto o eleito deixaram claro que n\u00e3o querem aprovar impostos e o desafio \u00e9 conseguir cumprir o teto de gastos para voltar a gerar super\u00e1vit (arrecada\u00e7\u00e3o maior que despesas).<\/p>\n<p>\u201cAcho que o atual governo falou e o pr\u00f3ximo tamb\u00e9m em rever alguns benef\u00edcios tribut\u00e1rios que n\u00e3o trazem os benef\u00edcios esperados quando eles foram conseguidos\u201d, disse.<\/p>\n<p><strong>Fonte:<\/strong> G1<\/p>\n","protected":false},"excerpt":{"rendered":"<p>Mansueto Almeida, que permanecer\u00e1 na equipe do governo eleito, disse que, apesar de n\u00e3o haver consenso, h\u00e1 grande possibilidade de aprova\u00e7\u00e3o da reforma em 2019. O secret\u00e1rio do Tesouro Nacional, Mansueto Almeida, afirmou nesta quarta-feira (12) que a reforma da Previd\u00eancia tem grandes chances de ser aprovada em 2019 e acrescentou n\u00e3o ver \u201cproblema algum\u201d&#8230; <\/p>\n<div class=\"clear\"><\/div>\n<p><a href=\"https:\/\/bbconsultoria.net\/site\/nao-vejo-problema-algum-em-fatiar-a-reforma-da-previdencia-diz-secretario-do-tesouro\/\" class=\"excerpt-read-more\">Read More<\/a><\/p>\n","protected":false},"author":1,"featured_media":0,"comment_status":"closed","ping_status":"closed","sticky":false,"template":"","format":"standard","meta":{"footnotes":""},"categories":[82],"tags":[],"class_list":["post-6433","post","type-post","status-publish","format-standard","hentry","category-noticias"],"_links":{"self":[{"href":"https:\/\/bbconsultoria.net\/site\/wp-json\/wp\/v2\/posts\/6433","targetHints":{"allow":["GET"]}}],"collection":[{"href":"https:\/\/bbconsultoria.net\/site\/wp-json\/wp\/v2\/posts"}],"about":[{"href":"https:\/\/bbconsultoria.net\/site\/wp-json\/wp\/v2\/types\/post"}],"author":[{"embeddable":true,"href":"https:\/\/bbconsultoria.net\/site\/wp-json\/wp\/v2\/users\/1"}],"replies":[{"embeddable":true,"href":"https:\/\/bbconsultoria.net\/site\/wp-json\/wp\/v2\/comments?post=6433"}],"version-history":[{"count":1,"href":"https:\/\/bbconsultoria.net\/site\/wp-json\/wp\/v2\/posts\/6433\/revisions"}],"predecessor-version":[{"id":6434,"href":"https:\/\/bbconsultoria.net\/site\/wp-json\/wp\/v2\/posts\/6433\/revisions\/6434"}],"wp:attachment":[{"href":"https:\/\/bbconsultoria.net\/site\/wp-json\/wp\/v2\/media?parent=6433"}],"wp:term":[{"taxonomy":"category","embeddable":true,"href":"https:\/\/bbconsultoria.net\/site\/wp-json\/wp\/v2\/categories?post=6433"},{"taxonomy":"post_tag","embeddable":true,"href":"https:\/\/bbconsultoria.net\/site\/wp-json\/wp\/v2\/tags?post=6433"}],"curies":[{"name":"wp","href":"https:\/\/api.w.org\/{rel}","templated":true}]}}