{"id":6427,"date":"2018-12-12T10:00:07","date_gmt":"2018-12-12T12:00:07","guid":{"rendered":"http:\/\/bbconsultoria.net\/site\/?p=6427"},"modified":"2018-12-21T18:58:35","modified_gmt":"2018-12-21T20:58:35","slug":"toda-magica-tem-limites","status":"publish","type":"post","link":"https:\/\/bbconsultoria.net\/site\/toda-magica-tem-limites\/","title":{"rendered":"Toda m\u00e1gica tem limites"},"content":{"rendered":"<h3>As opera\u00e7\u00f5es da PF contra os pol\u00edticos mostram que os desdobramentos da Lava Jato v\u00e3o levar tens\u00e3o para o governo Bolsonaro<\/h3>\n<p>O presidente eleito Jair Bolsonaro conseguiu a fa\u00e7anha de se apresentar na elei\u00e7\u00e3o presidencial como o candidato antissistema \u2014 &#8220;contra tudo isso que est\u00e1 a\u00ed&#8221; \u2014, tendo sido ele pr\u00f3prio um integrante do sistema pol\u00edtico por longevos 28 anos como deputado federal. Embora seja conhecido como o &#8220;capit\u00e3o&#8221;, Bolsonaro passou mais tempo na C\u00e2mara dos Deputados, em sete mandatos, do que no Ex\u00e9rcito. Na pol\u00edtica, ele fez carreira, construiu seu patrim\u00f4nio e deu in\u00edcio \u00e0 trajet\u00f3ria parlamentar de seus tr\u00eas filhos mais velhos.<\/p>\n<p>Bolsonaro n\u00e3o era do alto clero da pol\u00edtica \u2014 aquele que participa do loteamento de minist\u00e9rios, empresas estatais e tem acesso a neg\u00f3cios propiciados pelo controle de cargos estrat\u00e9gicos na m\u00e1quina p\u00fablica federal. Mas o baixo clero da C\u00e2mara tamb\u00e9m tem direito a suas prebendas, como emendas ao Or\u00e7amento da Uni\u00e3o, a nomea\u00e7\u00e3o de funcion\u00e1rios para o gabinete e mordomias variadas, como im\u00f3vel funcional ou, se preferir, aux\u00edlio-moradia. Como integrante do baixo clero, Bolsonaro conseguiu, no entanto, convencer a maior parte do eleitorado de que ele n\u00e3o era parte do &#8220;mecanismo&#8221; e assim surfou na onda antissistema impulsionada pela Lava Jato e pelo aparato policial-judicial.<\/p>\n<p>Esse aparato policial-judicial tem grande autonomia \u2014 garantida por lei \u2014 e uma din\u00e2mica pr\u00f3pria, que n\u00e3o vai parar com a troca de governo em Bras\u00edlia. Ao contr\u00e1rio, com a ida de uma de suas estrelas, Sergio Moro, para um Minist\u00e9rio da Justi\u00e7a revigorado com mais poderes, parece ter ganhado f\u00f4lego extra para continuar arremetendo contra o sistema pol\u00edtico. Que o digam o governador do Rio de Janeiro, Luiz Fernando Pez\u00e3o (MDB), o senador A\u00e9cio Neves (PSDB-MG) e os deputados da Assembl\u00e9ia Legislativa fluminense que viraram alvos de opera\u00e7\u00f5es da Pol\u00edcia Federal, ap\u00f3s a elei\u00e7\u00e3o presidencial.<\/p>\n<p>Desde que o Conselho de Controle de Atividades Financeiras (Coaf) flagrou &#8220;movimenta\u00e7\u00f5es financeiras at\u00edpicas&#8221; no valor de R$ 1,2 milh\u00e3o feitas por um ex-motorista do filho Flavio Bolsonaro, ficou mais evidente a zona cinzenta em que o presidente eleito trafega, entre as promessas de quebrar o sistema e ter sido parte integrante dele, ainda que n\u00e3o fizesse parte da sua c\u00fapula. O que foi revelado at\u00e9 agora n\u00e3o foi suficiente para tisnar a imagem do presidente eleito perante os eleitores que foram seduzidos pelo seu discurso de renova\u00e7\u00e3o da pol\u00edtica. Mas as explica\u00e7\u00f5es tampouco foram satisfat\u00f3rias.<\/p>\n<p>Se o aparato policial-judicial continuar a atuar com o mesmo \u00edmpeto com que vinha operando recentemente, os esclarecimentos do caso continuar\u00e3o a ser buscados, independentemente da vontade ou n\u00e3o de Sergio Moro &#8211; agora, um ex-juiz. A Pol\u00edcia Federal tem subordina\u00e7\u00e3o administrativa ao Minist\u00e9rio da Justi\u00e7a. Mas, em casos como a Opera\u00e7\u00e3o Furna da On\u00e7a, filhote da Lava Jato que prendeu deputados estaduais fluminenses e revelou a movimenta\u00e7\u00e3o do ex-motorista de Flavio Bolsonaro, atua como pol\u00edcia judici\u00e1ria. Tem independ\u00eancia para investigar infra\u00e7\u00f5es penais.<\/p>\n<p><strong>Fonte:<\/strong> ISTO \u00c9<\/p>\n","protected":false},"excerpt":{"rendered":"<p>As opera\u00e7\u00f5es da PF contra os pol\u00edticos mostram que os desdobramentos da Lava Jato v\u00e3o levar tens\u00e3o para o governo Bolsonaro O presidente eleito Jair Bolsonaro conseguiu a fa\u00e7anha de se apresentar na elei\u00e7\u00e3o presidencial como o candidato antissistema \u2014 &#8220;contra tudo isso que est\u00e1 a\u00ed&#8221; \u2014, tendo sido ele pr\u00f3prio um integrante do sistema&#8230; <\/p>\n<div class=\"clear\"><\/div>\n<p><a href=\"https:\/\/bbconsultoria.net\/site\/toda-magica-tem-limites\/\" class=\"excerpt-read-more\">Read More<\/a><\/p>\n","protected":false},"author":1,"featured_media":0,"comment_status":"closed","ping_status":"closed","sticky":false,"template":"","format":"standard","meta":{"footnotes":""},"categories":[82],"tags":[],"class_list":["post-6427","post","type-post","status-publish","format-standard","hentry","category-noticias"],"_links":{"self":[{"href":"https:\/\/bbconsultoria.net\/site\/wp-json\/wp\/v2\/posts\/6427","targetHints":{"allow":["GET"]}}],"collection":[{"href":"https:\/\/bbconsultoria.net\/site\/wp-json\/wp\/v2\/posts"}],"about":[{"href":"https:\/\/bbconsultoria.net\/site\/wp-json\/wp\/v2\/types\/post"}],"author":[{"embeddable":true,"href":"https:\/\/bbconsultoria.net\/site\/wp-json\/wp\/v2\/users\/1"}],"replies":[{"embeddable":true,"href":"https:\/\/bbconsultoria.net\/site\/wp-json\/wp\/v2\/comments?post=6427"}],"version-history":[{"count":1,"href":"https:\/\/bbconsultoria.net\/site\/wp-json\/wp\/v2\/posts\/6427\/revisions"}],"predecessor-version":[{"id":6428,"href":"https:\/\/bbconsultoria.net\/site\/wp-json\/wp\/v2\/posts\/6427\/revisions\/6428"}],"wp:attachment":[{"href":"https:\/\/bbconsultoria.net\/site\/wp-json\/wp\/v2\/media?parent=6427"}],"wp:term":[{"taxonomy":"category","embeddable":true,"href":"https:\/\/bbconsultoria.net\/site\/wp-json\/wp\/v2\/categories?post=6427"},{"taxonomy":"post_tag","embeddable":true,"href":"https:\/\/bbconsultoria.net\/site\/wp-json\/wp\/v2\/tags?post=6427"}],"curies":[{"name":"wp","href":"https:\/\/api.w.org\/{rel}","templated":true}]}}