{"id":6420,"date":"2018-12-10T11:42:16","date_gmt":"2018-12-10T13:42:16","guid":{"rendered":"http:\/\/bbconsultoria.net\/site\/?p=6420"},"modified":"2018-12-12T11:43:30","modified_gmt":"2018-12-12T13:43:30","slug":"no-plano-nacional","status":"publish","type":"post","link":"https:\/\/bbconsultoria.net\/site\/no-plano-nacional\/","title":{"rendered":"No Plano Nacional&#8230;"},"content":{"rendered":"<p>O presidente eleito, Jair Bolsonaro, encerra o seu ciclo de indica\u00e7\u00f5es para os Minist\u00e9rios. Diferentemente do que foi dito na campanha, ao inv\u00e9s de 15 s\u00e3o 22, o que consideramos uma bobagem, do ponto de vista de comunica\u00e7\u00e3o, dizer que v\u00e3o ficar 15 minist\u00e9rios.<\/p>\n<p>Isso indica \u00e0 popula\u00e7\u00e3o uma grande economia de recursos, que, na verdade, n\u00e3o existe porque a estrutura desses minist\u00e9rios que foram extintos, passam para outro, os funcion\u00e1rios n\u00e3o s\u00e3o demitidos, os programas n\u00e3o acabam, ou seja, a economia \u00e9 \u00ednfima com a redu\u00e7\u00e3o e, em alguns casos, acaba dificultando a gest\u00e3o com superestruturas, em que os ministros n\u00e3o conseguem dar conta.<\/p>\n<p>Na sua grande maioria, normalmente, \u00e9 minist\u00e9rio sem muita interfer\u00eancia pol\u00edtica. H\u00e1 alguns deputados nos minist\u00e9rios, o que, provavelmente, vai facilitar o tr\u00e2nsito na C\u00e2mara, mas n\u00e3o h\u00e1 nenhum senador na composi\u00e7\u00e3o da equipe e, como a bancada de apoio ao presidente no Senado, no in\u00edcio, j\u00e1 era menor do que a da C\u00e2mara, antevemos dificuldades para Bolsonaro na aprova\u00e7\u00e3o de mensagens no senado federal.<\/p>\n<h3>No plano estadual&#8230;<\/h3>\n<p>O futuro governador, ainda, n\u00e3o conseguiu encerrar seu ciclo de nomea\u00e7\u00f5es. Faltando 20 dias para tomar posse, h\u00e1 secretaria importantes sem indica\u00e7\u00f5es, como \u00e9 o caso da Educa\u00e7\u00e3o, que \u00e9 o segundo maior or\u00e7amento do estado.<\/p>\n<p>O secretariado est\u00e1 formado por pessoas, na sua grande maioria, sem nenhuma experi\u00eancia administrativa na gest\u00e3o do estado, o que \u00e9 preocupante porque o pr\u00f3prio governador n\u00e3o tem nenhuma experi\u00eancia administrativa, nem pol\u00edtica.<\/p>\n<p>E, tamb\u00e9m, juntando o secret\u00e1rio da Casa Civil e o de Governo, que tamb\u00e9m n\u00e3o t\u00eam. E, ainda, h\u00e1 um secret\u00e1rio da Fazenda oriundo da burocracia do estado de S\u00e3o Paulo.<\/p>\n<p>Enfim, \u00e9 uma equa\u00e7\u00e3o um pouco preocupante pela falta de conhecimento da estrutura da m\u00e1quina e do pr\u00f3prio jogo pol\u00edtico. Vamos ver como o governo vai se desenrolar j\u00e1 no seu in\u00edcio.<\/p>\n","protected":false},"excerpt":{"rendered":"<p>O presidente eleito, Jair Bolsonaro, encerra o seu ciclo de indica\u00e7\u00f5es para os Minist\u00e9rios. Diferentemente do que foi dito na campanha, ao inv\u00e9s de 15 s\u00e3o 22, o que consideramos uma bobagem, do ponto de vista de comunica\u00e7\u00e3o, dizer que v\u00e3o ficar 15 minist\u00e9rios. Isso indica \u00e0 popula\u00e7\u00e3o uma grande economia de recursos, que, na&#8230; <\/p>\n<div class=\"clear\"><\/div>\n<p><a href=\"https:\/\/bbconsultoria.net\/site\/no-plano-nacional\/\" class=\"excerpt-read-more\">Read More<\/a><\/p>\n","protected":false},"author":1,"featured_media":0,"comment_status":"closed","ping_status":"closed","sticky":false,"template":"","format":"standard","meta":{"footnotes":""},"categories":[82],"tags":[],"class_list":["post-6420","post","type-post","status-publish","format-standard","hentry","category-noticias"],"_links":{"self":[{"href":"https:\/\/bbconsultoria.net\/site\/wp-json\/wp\/v2\/posts\/6420","targetHints":{"allow":["GET"]}}],"collection":[{"href":"https:\/\/bbconsultoria.net\/site\/wp-json\/wp\/v2\/posts"}],"about":[{"href":"https:\/\/bbconsultoria.net\/site\/wp-json\/wp\/v2\/types\/post"}],"author":[{"embeddable":true,"href":"https:\/\/bbconsultoria.net\/site\/wp-json\/wp\/v2\/users\/1"}],"replies":[{"embeddable":true,"href":"https:\/\/bbconsultoria.net\/site\/wp-json\/wp\/v2\/comments?post=6420"}],"version-history":[{"count":1,"href":"https:\/\/bbconsultoria.net\/site\/wp-json\/wp\/v2\/posts\/6420\/revisions"}],"predecessor-version":[{"id":6421,"href":"https:\/\/bbconsultoria.net\/site\/wp-json\/wp\/v2\/posts\/6420\/revisions\/6421"}],"wp:attachment":[{"href":"https:\/\/bbconsultoria.net\/site\/wp-json\/wp\/v2\/media?parent=6420"}],"wp:term":[{"taxonomy":"category","embeddable":true,"href":"https:\/\/bbconsultoria.net\/site\/wp-json\/wp\/v2\/categories?post=6420"},{"taxonomy":"post_tag","embeddable":true,"href":"https:\/\/bbconsultoria.net\/site\/wp-json\/wp\/v2\/tags?post=6420"}],"curies":[{"name":"wp","href":"https:\/\/api.w.org\/{rel}","templated":true}]}}