{"id":6408,"date":"2018-10-29T10:37:11","date_gmt":"2018-10-29T12:37:11","guid":{"rendered":"http:\/\/bbconsultoria.net\/site\/?p=6408"},"modified":"2018-12-10T22:38:07","modified_gmt":"2018-12-11T00:38:07","slug":"o-recado-da-populacao-esta-dado","status":"publish","type":"post","link":"https:\/\/bbconsultoria.net\/site\/o-recado-da-populacao-esta-dado\/","title":{"rendered":"O recado da popula\u00e7\u00e3o est\u00e1 dado"},"content":{"rendered":"<p>Tirando o Nordeste, o PT foi varrido do resto do pa\u00eds. Ficou confinado ao Nordeste, um efeito que j\u00e1 estava acontecendo desde 2014 e se acentuou.<\/p>\n<p>Isso demonstra, claramente, que as teses da esquerda v\u00e3o ficando, cada vez mais, para tr\u00e1s no ide\u00e1rio na popula\u00e7\u00e3o brasileira.<\/p>\n<h4>A n\u00edvel estadual&#8230;<\/h4>\n<p>Tivemos um ex-juiz, completamente, desconhecido indo para o segundo turno de maneira mete\u00f3rica. Foi o que mais se assemelhou ao discurso do candidato \u00e0 presidente, Bolsonaro, e acabou derrotando, praticamente, toda a classe pol\u00edtica que ficou ao lado de Eduardo Paes, e que foi varrida do mapa, aqui no estado.<\/p>\n<p>Agora, vamos ver que governo o Wilson Witzel vai montar num estado falido e com grav\u00edssimos problemas de seguran\u00e7a p\u00fablica.<\/p>\n<p>\u00c9 importante que ele tenha a dimens\u00e3o da sua responsabilidade.<\/p>\n<p>A n\u00edvel federal, em que pese, o pessoal da imprensa, principalmente, da Folha de S\u00e3o Paulo, ficou desgostoso com o discurso da vit\u00f3ria do Bolsonaro, ele foi muito fiel aos seus princ\u00edpios e manteve o que disse durante a campanha inteira.<\/p>\n","protected":false},"excerpt":{"rendered":"<p>Tirando o Nordeste, o PT foi varrido do resto do pa\u00eds. Ficou confinado ao Nordeste, um efeito que j\u00e1 estava acontecendo desde 2014 e se acentuou. Isso demonstra, claramente, que as teses da esquerda v\u00e3o ficando, cada vez mais, para tr\u00e1s no ide\u00e1rio na popula\u00e7\u00e3o brasileira. A n\u00edvel estadual&#8230; Tivemos um ex-juiz, completamente, desconhecido indo&#8230; <\/p>\n<div class=\"clear\"><\/div>\n<p><a href=\"https:\/\/bbconsultoria.net\/site\/o-recado-da-populacao-esta-dado\/\" class=\"excerpt-read-more\">Read More<\/a><\/p>\n","protected":false},"author":1,"featured_media":0,"comment_status":"closed","ping_status":"closed","sticky":false,"template":"","format":"standard","meta":{"footnotes":""},"categories":[82],"tags":[],"class_list":["post-6408","post","type-post","status-publish","format-standard","hentry","category-noticias"],"_links":{"self":[{"href":"https:\/\/bbconsultoria.net\/site\/wp-json\/wp\/v2\/posts\/6408","targetHints":{"allow":["GET"]}}],"collection":[{"href":"https:\/\/bbconsultoria.net\/site\/wp-json\/wp\/v2\/posts"}],"about":[{"href":"https:\/\/bbconsultoria.net\/site\/wp-json\/wp\/v2\/types\/post"}],"author":[{"embeddable":true,"href":"https:\/\/bbconsultoria.net\/site\/wp-json\/wp\/v2\/users\/1"}],"replies":[{"embeddable":true,"href":"https:\/\/bbconsultoria.net\/site\/wp-json\/wp\/v2\/comments?post=6408"}],"version-history":[{"count":1,"href":"https:\/\/bbconsultoria.net\/site\/wp-json\/wp\/v2\/posts\/6408\/revisions"}],"predecessor-version":[{"id":6409,"href":"https:\/\/bbconsultoria.net\/site\/wp-json\/wp\/v2\/posts\/6408\/revisions\/6409"}],"wp:attachment":[{"href":"https:\/\/bbconsultoria.net\/site\/wp-json\/wp\/v2\/media?parent=6408"}],"wp:term":[{"taxonomy":"category","embeddable":true,"href":"https:\/\/bbconsultoria.net\/site\/wp-json\/wp\/v2\/categories?post=6408"},{"taxonomy":"post_tag","embeddable":true,"href":"https:\/\/bbconsultoria.net\/site\/wp-json\/wp\/v2\/tags?post=6408"}],"curies":[{"name":"wp","href":"https:\/\/api.w.org\/{rel}","templated":true}]}}