{"id":6400,"date":"2018-12-06T09:19:07","date_gmt":"2018-12-06T11:19:07","guid":{"rendered":"http:\/\/bbconsultoria.net\/site\/?p=6400"},"modified":"2018-12-10T22:26:37","modified_gmt":"2018-12-11T00:26:37","slug":"paulo-guedes-fez-alerta-a-equipe-de-transicao-sobre-riscos-de-adiar-reforma-da-previdencia","status":"publish","type":"post","link":"https:\/\/bbconsultoria.net\/site\/paulo-guedes-fez-alerta-a-equipe-de-transicao-sobre-riscos-de-adiar-reforma-da-previdencia\/","title":{"rendered":"Paulo Guedes fez alerta \u00e0 equipe de transi\u00e7\u00e3o sobre riscos de adiar reforma da Previd\u00eancia"},"content":{"rendered":"<p>O futuro ministro da Economia, Paulo Guedes, tem falado de forma clara a todos integrantes da equipe de transi\u00e7\u00e3o do presidente eleito Jair Bolsonaro: caso a reforma da Previd\u00eancia n\u00e3o seja aprovada no primeiro ano, o governo enfrentar\u00e1 enorme dificuldade.<\/p>\n<p>Nas conversas internas, Guedes chega a fazer uma compara\u00e7\u00e3o com duas aeronaves em pleno voo.<\/p>\n<p>No primeiro cen\u00e1rio, com a vota\u00e7\u00e3o da reforma da Previd\u00eancia, o avi\u00e3o faz o percurso em voo de cruzeiro. No segundo cen\u00e1rio, sem a aprova\u00e7\u00e3o da reforma, o avi\u00e3o n\u00e3o consegue manter o voo e faz uma curva descendente.<\/p>\n<p>O alerta do economista &#8211; chamado de &#8220;professor&#8221; pelos integrantes da equipe de transi\u00e7\u00e3o &#8211; tem chamado aten\u00e7\u00e3o at\u00e9 mesmo do presidente eleito.<\/p>\n<p>Guedes vai al\u00e9m e defende a aprova\u00e7\u00e3o imediata de uma reforma que possa resolver o d\u00e9ficit estrutural, com a ado\u00e7\u00e3o da idade m\u00ednima e tamb\u00e9m com a equipara\u00e7\u00e3o da Previd\u00eancia do setor p\u00fablico com a do privado.<\/p>\n<p>E num segundo momento, ele defende a aprova\u00e7\u00e3o de um novo modelo de aposentadoria, para substituir o atual modelo de reparti\u00e7\u00e3o (no qual os trabalhadores da ativa bancam a aposentadoria dos inativos), por um modelo de capitaliza\u00e7\u00e3o (em que cada trabalhador faz a pr\u00f3pria poupan\u00e7a).<\/p>\n<p>A pr\u00f3pria reforma da Previd\u00eancia do governo Temer j\u00e1 era defendida por Paulo Guedes ainda em 2016, quando o tema entrou na pauta. Em artigos publicados no jornal &#8220;O Globo&#8221;, ele chegou a defender a prioridade da pauta.<\/p>\n<p>No in\u00edcio da transi\u00e7\u00e3o, tentou aprovar essa reforma do governo Temer. Mas foi convencido pelos articuladores pol\u00edticos de Bolsonaro de que esse Congresso atual n\u00e3o aprovaria o texto. Mas diante disso, passou a insistir com o pr\u00f3prio presidente eleito para dar prioridade m\u00e1xima ao tema. Caso contr\u00e1rio, tem alertado que o governo corre o risco de n\u00e3o decolar.<\/p>\n<p><strong>Fonte:<\/strong> G1<\/p>\n","protected":false},"excerpt":{"rendered":"<p>O futuro ministro da Economia, Paulo Guedes, tem falado de forma clara a todos integrantes da equipe de transi\u00e7\u00e3o do presidente eleito Jair Bolsonaro: caso a reforma da Previd\u00eancia n\u00e3o seja aprovada no primeiro ano, o governo enfrentar\u00e1 enorme dificuldade. Nas conversas internas, Guedes chega a fazer uma compara\u00e7\u00e3o com duas aeronaves em pleno voo&#8230;. <\/p>\n<div class=\"clear\"><\/div>\n<p><a href=\"https:\/\/bbconsultoria.net\/site\/paulo-guedes-fez-alerta-a-equipe-de-transicao-sobre-riscos-de-adiar-reforma-da-previdencia\/\" class=\"excerpt-read-more\">Read More<\/a><\/p>\n","protected":false},"author":1,"featured_media":0,"comment_status":"closed","ping_status":"closed","sticky":false,"template":"","format":"standard","meta":{"footnotes":""},"categories":[82],"tags":[],"class_list":["post-6400","post","type-post","status-publish","format-standard","hentry","category-noticias"],"_links":{"self":[{"href":"https:\/\/bbconsultoria.net\/site\/wp-json\/wp\/v2\/posts\/6400","targetHints":{"allow":["GET"]}}],"collection":[{"href":"https:\/\/bbconsultoria.net\/site\/wp-json\/wp\/v2\/posts"}],"about":[{"href":"https:\/\/bbconsultoria.net\/site\/wp-json\/wp\/v2\/types\/post"}],"author":[{"embeddable":true,"href":"https:\/\/bbconsultoria.net\/site\/wp-json\/wp\/v2\/users\/1"}],"replies":[{"embeddable":true,"href":"https:\/\/bbconsultoria.net\/site\/wp-json\/wp\/v2\/comments?post=6400"}],"version-history":[{"count":1,"href":"https:\/\/bbconsultoria.net\/site\/wp-json\/wp\/v2\/posts\/6400\/revisions"}],"predecessor-version":[{"id":6401,"href":"https:\/\/bbconsultoria.net\/site\/wp-json\/wp\/v2\/posts\/6400\/revisions\/6401"}],"wp:attachment":[{"href":"https:\/\/bbconsultoria.net\/site\/wp-json\/wp\/v2\/media?parent=6400"}],"wp:term":[{"taxonomy":"category","embeddable":true,"href":"https:\/\/bbconsultoria.net\/site\/wp-json\/wp\/v2\/categories?post=6400"},{"taxonomy":"post_tag","embeddable":true,"href":"https:\/\/bbconsultoria.net\/site\/wp-json\/wp\/v2\/tags?post=6400"}],"curies":[{"name":"wp","href":"https:\/\/api.w.org\/{rel}","templated":true}]}}