{"id":6398,"date":"2018-12-06T15:16:20","date_gmt":"2018-12-06T17:16:20","guid":{"rendered":"http:\/\/bbconsultoria.net\/site\/?p=6398"},"modified":"2018-12-10T22:18:47","modified_gmt":"2018-12-11T00:18:47","slug":"bolsonaro-diz-que-e-preciso-mudar-o-que-for-possivel-na-legislacao-trabalhista","status":"publish","type":"post","link":"https:\/\/bbconsultoria.net\/site\/bolsonaro-diz-que-e-preciso-mudar-o-que-for-possivel-na-legislacao-trabalhista\/","title":{"rendered":"Bolsonaro diz que \u00e9 preciso mudar \u2018o que for poss\u00edvel\u2019 na legisla\u00e7\u00e3o trabalhista"},"content":{"rendered":"<p>O presidente eleito Jair Bolsonaro disse que \u00e9 preciso mudar \u201co que for poss\u00edvel\u201d na legisla\u00e7\u00e3o trabalhista, mas n\u00e3o detalhou que pontos quer priorizar. Depois de repetir sua afirma\u00e7\u00e3o de ter\u00e7a-feira, 4, que \u201c\u00e9 dif\u00edcil ser patr\u00e3o no Brasil\u201d, Bolsonaro lembrou que a reforma aprovada h\u00e1 pouco tempo deu uma certa tranquilidade aos empregadores, reconhecendo que n\u00e3o \u00e9 poss\u00edvel mudar o artigo 7\u00ba da Constitui\u00e7\u00e3o e que respeitar\u00e1 os direitos dos trabalhadores.<\/p>\n<p>\u201cN\u00f3s temos direitos demais e empregos de menos, tem que chegar a um equil\u00edbrio. A reforma aprovada h\u00e1 pouco tempo j\u00e1 deu uma certa tranquilidade, um certo al\u00edvio ao empregador, e repito o que falei ontem (ter\u00e7a): \u00e9 dif\u00edcil ser patr\u00e3o no Brasil\u201d, refor\u00e7ou o presidente eleito, em entrevista no Quartel General do Ex\u00e9rcito.<\/p>\n<p>Bolsonaro n\u00e3o soube responder a perguntas de jornalistas sobre temas econ\u00f4micos. Questionado sobre a reforma tribut\u00e1ria, disse que seria uma \u201cboa pergunta para se fazer para o Paulo Guedes, o nosso posto Ipiranga, porque \u00e9 (um tema) bastante complexo\u201d.<\/p>\n<p>\u201cVoc\u00eas mesmos (jornalistas) j\u00e1 escreveram que, para entender o emaranhado da legisla\u00e7\u00e3o, tem que ter PhD em economia. Agora, tem muita coisa que n\u00e3o teve no passado, quem mergulhou o pa\u00eds nesse caos econ\u00f4mico foram os economistas daquela \u00e9poca, n\u00e3o fui eu, capit\u00e3o do Ex\u00e9rcito\u201d, declarou. \u201cEles erraram, erraram feio, na metade do governo FHC (Fernando Henrique Cardoso) de oito anos os juros estiveram na lua.\u201d<\/p>\n<p>Bolsonaro tamb\u00e9m disse que \u201cn\u00e3o entende muito de economia\u201d durante a coletiva de imprensa, mas que possui uma boa equipe para auxili\u00e1-lo.<\/p>\n<p>\u201cO que eu falei com a equipe econ\u00f4mica, e eu n\u00e3o entendo de economia, e tenho a humildade para dizer isso a\u00ed, agora n\u00e3o posso mais, mas j\u00e1 fui com minha esposa fazer compra no supermercado. O que n\u00f3s queremos \u00e9 uma infla\u00e7\u00e3o dentro dos limites, n\u00f3s queremos aquilo que possa fazer nossa economia andar. N\u00f3s queremos tudo isso a\u00ed, tudo eu passei para ele, Guedes, eu tamb\u00e9m dei carta branca ao Paulo Guedes para perseguir esse objetivo e eu sou obrigado a confiar nas pessoas porque eu sozinho n\u00e3o vou salvar a p\u00e1tria, apesar de eu chamar Messias\u201d, acrescentou.<\/p>\n<p>Bolsonaro avaliou que a situa\u00e7\u00e3o do Brasil est\u00e1 \u201cbastante complicada\u201d. \u201cSe der errado, n\u00e3o sou eu que vou afundar n\u00e3o, todos n\u00f3s afundaremos juntos e n\u00e3o queremos que o Brasil mergulhe em um caos e n\u00e3o \u00e9 s\u00f3 na quest\u00e3o econ\u00f4mica.\u201d<\/p>\n<p>Mais uma vez, o presidente eleito afirmou que a reforma da Previd\u00eancia deve ser fatiada e que a idade m\u00ednima ser\u00e1 a primeira parte a ser encaminhada ao Congresso. Tamb\u00e9m n\u00e3o respondeu qual seria a base para estabelecer a idade m\u00ednima para homens e mulheres.<\/p>\n<p>Sobre a celeridade com que a reforma poderia ser aprovada, disse que ainda n\u00e3o \u00e9 presidente e n\u00e3o tem influ\u00eancia sobre o atual Parlamento. \u201cN\u00f3s sabemos que tem parlamentar que gostaria que a forma de fazer pol\u00edtica fosse a anterior. N\u00f3s respeitamos o parlamento, n\u00f3s n\u00e3o pretendemos avan\u00e7ar nessa dire\u00e7\u00e3o. Como eu disse, posso estar errado e n\u00e3o saber a f\u00f3rmula do sucesso, mas a do fracasso \u00e9 continuar fazendo essa pol\u00edtica de coaliz\u00e3o.\u201d<\/p>\n<p><strong>Fonte: <\/strong>ISTO \u00c9<\/p>\n","protected":false},"excerpt":{"rendered":"<p>O presidente eleito Jair Bolsonaro disse que \u00e9 preciso mudar \u201co que for poss\u00edvel\u201d na legisla\u00e7\u00e3o trabalhista, mas n\u00e3o detalhou que pontos quer priorizar. Depois de repetir sua afirma\u00e7\u00e3o de ter\u00e7a-feira, 4, que \u201c\u00e9 dif\u00edcil ser patr\u00e3o no Brasil\u201d, Bolsonaro lembrou que a reforma aprovada h\u00e1 pouco tempo deu uma certa tranquilidade aos empregadores, reconhecendo&#8230; <\/p>\n<div class=\"clear\"><\/div>\n<p><a href=\"https:\/\/bbconsultoria.net\/site\/bolsonaro-diz-que-e-preciso-mudar-o-que-for-possivel-na-legislacao-trabalhista\/\" class=\"excerpt-read-more\">Read More<\/a><\/p>\n","protected":false},"author":1,"featured_media":0,"comment_status":"closed","ping_status":"closed","sticky":false,"template":"","format":"standard","meta":{"footnotes":""},"categories":[82],"tags":[],"class_list":["post-6398","post","type-post","status-publish","format-standard","hentry","category-noticias"],"_links":{"self":[{"href":"https:\/\/bbconsultoria.net\/site\/wp-json\/wp\/v2\/posts\/6398","targetHints":{"allow":["GET"]}}],"collection":[{"href":"https:\/\/bbconsultoria.net\/site\/wp-json\/wp\/v2\/posts"}],"about":[{"href":"https:\/\/bbconsultoria.net\/site\/wp-json\/wp\/v2\/types\/post"}],"author":[{"embeddable":true,"href":"https:\/\/bbconsultoria.net\/site\/wp-json\/wp\/v2\/users\/1"}],"replies":[{"embeddable":true,"href":"https:\/\/bbconsultoria.net\/site\/wp-json\/wp\/v2\/comments?post=6398"}],"version-history":[{"count":1,"href":"https:\/\/bbconsultoria.net\/site\/wp-json\/wp\/v2\/posts\/6398\/revisions"}],"predecessor-version":[{"id":6399,"href":"https:\/\/bbconsultoria.net\/site\/wp-json\/wp\/v2\/posts\/6398\/revisions\/6399"}],"wp:attachment":[{"href":"https:\/\/bbconsultoria.net\/site\/wp-json\/wp\/v2\/media?parent=6398"}],"wp:term":[{"taxonomy":"category","embeddable":true,"href":"https:\/\/bbconsultoria.net\/site\/wp-json\/wp\/v2\/categories?post=6398"},{"taxonomy":"post_tag","embeddable":true,"href":"https:\/\/bbconsultoria.net\/site\/wp-json\/wp\/v2\/tags?post=6398"}],"curies":[{"name":"wp","href":"https:\/\/api.w.org\/{rel}","templated":true}]}}