{"id":6389,"date":"2018-11-01T15:13:43","date_gmt":"2018-11-01T17:13:43","guid":{"rendered":"http:\/\/bbconsultoria.net\/site\/?p=6389"},"modified":"2018-12-05T13:19:31","modified_gmt":"2018-12-05T15:19:31","slug":"no-brasil-presidente-sem-experiencia-em-cargos-executivos-e-regra-nao-excecao","status":"publish","type":"post","link":"https:\/\/bbconsultoria.net\/site\/no-brasil-presidente-sem-experiencia-em-cargos-executivos-e-regra-nao-excecao\/","title":{"rendered":"No Brasil, presidente sem experi\u00eancia em cargos executivos \u00e9 regra, n\u00e3o exce\u00e7\u00e3o"},"content":{"rendered":"<h3>Apesar de 30 anos de vida p\u00fablica, Bolsonaro foi eleito com discurso contra o sistema pol\u00edtico. No entanto, ele n\u00e3o \u00e9 o primeiro sem experi\u00eancia em cargos executivos a assumir o cargo mais alto da Rep\u00fablica \u2013 pelo contr\u00e1rio. Confira<\/h3>\n<p>Apesar de quase 30 anos de vida p\u00fablica, Bolsonaro captou o discurso antissistema para se eleger presidente da Rep\u00fablica. Ele, por\u00e9m, n\u00e3o foi o primeiro<br \/>\nEle n\u00e3o era exatamente um &#8220;outsider&#8221; como se acostumou a chamar, mas com a desist\u00eancia de nomes como o de Luciano Huck e de Joaquim Barbosa, Jair Bolsonaro (PSL) capturou muito bem o discurso antissistema e foi eleito o 42\u00ba presidente da Rep\u00fablica. Apesar de ser deputado federal h\u00e1 quase 30 anos, Bolsonaro, no entanto, nunca ocupou um cargo executivo antes e beneficiou-se desse fato para fazer seu discurso &#8220;colar&#8221;. Eleger um presidente sem experi\u00eancia anterior no executivo, por\u00e9m, \u00e9 mais uma regra do que uma exce\u00e7\u00e3o no Brasil.<\/p>\n<p>Desde a redemocratiza\u00e7\u00e3o com o fim da ditadura militar em 1985, o Brasil j\u00e1 elegeu quatro presidentes pelo voto direto e entre vices e cabe\u00e7as-de-chapa, ao todo seis representantes j\u00e1 sentaram na cadeira do cargo mais alto do executivo nacional. Destes, apenas dois j\u00e1 tinham ocupado cargos executivos antes, os \u00faltimos quatro, por sua vez, foram eleitos presidente sem experi\u00eancia pr\u00e9via nem como prefeito tampouco como governador de seus respectivos estados.<\/p>\n<p>\u00c9 o caso de Fernando Henrique Cardoso, Luis In\u00e1cio Lula da Silva, Dilma Rousseff e, mais recentemente, Michel Temer. Assim como Bolsonaro, cada um deles usou de alguma forma o seu hist\u00f3rico para chegar ao cargo de presidente. Apesar da inexperi\u00eancia, uns representavam a manuten\u00e7\u00e3o de uma certa ordem j\u00e1 estabelecida, enquanto outros traziam uma ruptura maior com o chamado establishment. Nesse ponto, no entanto, nenhum deles se aproximou do presidente eleito Jair Bolsonaro .<\/p>\n<p>Fernando Collor de Mello foi o primeiro presidente eleito pelo voto popular ap\u00f3s a redemocratiza\u00e7\u00e3o e se assemelha a Bolsonaro em v\u00e1rios aspectos<br \/>\nLogo de partida, o primeiro presidente eleito pelo voto direto depois de promulgada a Constitui\u00e7\u00e3o de 1988 deixou a impress\u00e3o de que a experi\u00eancia em cargos executivos anteriores n\u00e3o contava tanto. Fernando Collor de Mello j\u00e1 tinha sido eleito prefeito de Macei\u00f3 em 1979 e governador de Alagoas em 1987.<\/p>\n<p>Este foi justamente o cargo que deixou em 1989 para concorrer \u00e0 Presid\u00eancia. Collor venceu a disputa com um discurso forte contra a corrup\u00e7\u00e3o e foi consagrado como &#8220;ca\u00e7ador de maraj\u00e1s&#8221;, mas renunciou apenas dois anos depois, horas antes de sofrer o impeachment e perder os direitos pol\u00edticos acusado justamente de corrup\u00e7\u00e3o.<\/p>\n<p><strong>Itamar Franco assumiu o governo ap\u00f3s a ren\u00fancia e o impeachment de Collor, mas j\u00e1 tinha experi\u00eancia no executivo antes por ter sido prefeito de Juiz de Fora duas vezes<\/strong><\/p>\n<p>No seu lugar, assumiu o vice-presidente Itamar Franco que, por sua vez, tamb\u00e9m j\u00e1 tinha sido prefeito, no caso, de Juiz de Fora (MG) por duas vezes, entre 1967 e 1971 e entre 1973 e 1974.<\/p>\n<p>Com um governo de coaliz\u00e3o, Itamar Franco costurou um governo pluripartid\u00e1rio e convocou o economista Fernando Henrique Cardoso para ministro da Fazenda. FHC, por sua vez, foi o respons\u00e1vel pela formula\u00e7\u00e3o do Plano Real que entrou em vigor em 1994, meses antes da elei\u00e7\u00e3o que elegeu o ex-senador por S\u00e3o Paulo, o 34\u00ba presidente da Rep\u00fablica.<\/p>\n<p><strong>Fernando Henrique Cardoso foi o primeiro presidente eleito pelo Brasil sem ter ocupado um cargo executivo sequer antes da Presid\u00eancia. Ele, no entanto, se gabaritou como ministro da Fazenda do seu antecessor Itamar Franco<\/strong><\/p>\n<p>Fernando Henrique nunca tinha ocupado um cargo executivo antes, mas tinha tentando. E chegou perto. Ap\u00f3s se envolver numa pol\u00eamica no \u00faltimo debate antes da elei\u00e7\u00e3o para prefeito de S\u00e3o Paulo em 1985 que levantou suspeitas de que seria ateu, FHC foi derrotado por J\u00e2nio Quadros por uma diferen\u00e7a de 3,37% dos votos v\u00e1lidos, pouco mais de 141 mil votos.<\/p>\n<p>Eleito presidente, por\u00e9m, Fernando Henrique conseguiu a reelei\u00e7\u00e3o e s\u00f3 foi sucedido por Luis In\u00e1cio Lula da Silva. Lula, por sua vez, j\u00e1 vinha de v\u00e1rias tentativas de elei\u00e7\u00e3o frustradas: em 1982 foi candidato a derrotado a governador de S\u00e3o Paulo, e depois acabou sendo derrotado por Collor, em 1989, e duas vezes pelo pr\u00f3prio FHC em 1994 e 1998, at\u00e9 finalmente ser eleito presidente da Rep\u00fablica em 2002.<\/p>\n<p><strong>Lula tinha tentado v\u00e1rias vezes antes, mas foi eleito presidente sem experi\u00eancia pr\u00e9via em cargos executivos<\/strong><\/p>\n<p>Lula, portanto, era um importante l\u00edder sindical e firmou-se como principal for\u00e7a de oposi\u00e7\u00e3o durante os mandatos de seus antecessores, mas nunca tinha ocupado um cargo executivo antes, fato que pode ter contribu\u00eddo para que escolhesse a sua ministra da Casa Civil, Dilma Rousseff, para sua sucess\u00e3o.<\/p>\n<p>Mas se Lula j\u00e1 tinha sido eleito deputado federal em 1986, Dilma nem isso. Ela foi secret\u00e1ria municipal da Fazenda de Porto Alegre, secret\u00e1ria estadual de Minas, Energia e Comunica\u00e7\u00f5es do Rio Grande do Sul, antes de ser escolhida para ministra de Minas e Energia e ministra da Casa Civil, quando ficou conhecida como &#8220;m\u00e3e do PAC&#8221;, o Programa de Acelera\u00e7\u00e3o do Crescimento, e foi apresentada por Lula na campanha presidencial em 2010 como &#8220;gerentona&#8221;.<\/p>\n<p><strong>Dilma foi eleita na esteira da popularidade de Lula, mas acabou sofrendo o impeachment ainda no come\u00e7o de seu segundo mandato<\/strong><\/p>\n<p>No governo, por\u00e9m, Dilma n\u00e3o desfrutou da mesma popularidade de seu antecessor, mas conseguiu a reelei\u00e7\u00e3o, por pouco, contra o tucano A\u00e9cio Neves, j\u00e1 no segundo turno das elei\u00e7\u00f5es de 2014. O derrotado, por\u00e9m, pediu recontagem dos votos, cassa\u00e7\u00e3o da chapa por abuso financeiro e acabou liderando o movimento que culminou no impeachment da ex-presidente que rompeu e foi sucedidada pelo vice Michel Temer.<\/p>\n<p>A exemplo de Bolsonaro, por sua vez, Temer tinha em seu curr\u00edculo uma longa carreira pol\u00edtica, mas sempre em cargos legislativos. Ele foi eleito deputado federal por S\u00e3o Paulo, primeiro, em 1987 e ficou at\u00e9 1991, e novamente em 1994, sendo reeleito sucessivamente at\u00e9 deixar o cargo em 2010 para se tornar vice-presidente de Dilma, ainda no seu primeiro mandato.<\/p>\n<p><strong>Temer chegou ao cargo de Presidente ap\u00f3s ser eleito com os votos petistas e apoiado por lideran\u00e7as da oposi\u00e7\u00e3o ap\u00f3s o impeachment de Dilma<\/strong><\/p>\n<p>Temer chegou ao cargo de Presidente ap\u00f3s ser eleito com os votos petistas e apoiado por lideran\u00e7as da oposi\u00e7\u00e3o ap\u00f3s o impeachment de Dilma<br \/>\nEleito vice-presidente com os votos petistas, Michel Temer mudou de posi\u00e7\u00e3o j\u00e1 no come\u00e7o do segundo mandato de Dilma e, apoiado por lideran\u00e7as da oposi\u00e7\u00e3o e de seu pr\u00f3prio partido, como ex-deputado Eduardo Cunha, ele se tornou o 37\u00ba presidente da Rep\u00fablica. Novamente, sem ter ocupado nenhum cargo executivo antes.<\/p>\n<p>A partir de 1\u00ba de janeiro, Temer passar\u00e1 a faixa para o presidente eleito Jair Bolsonaro que conquistou mais de 57 milh\u00f5es de votos em sua primeira candidatura a cargo executivo.<\/p>\n<p>Eleito presidente sem experi\u00eancia pr\u00e9via, Bolsonaro foi bastante comparado a Collor durante a campanha por fazer um discurso forte contra a corrup\u00e7\u00e3o, ter polarizado a disputa contra o PT, do mesmo Lula que j\u00e1 disputava a elei\u00e7\u00e3o em 1989, e ser integrante de um partido pequeno e, at\u00e9 ent\u00e3o, inexpressivo. No hist\u00f3rico, por\u00e9m, ele tem mais em comum com a trajet\u00f3ria de Temer, Dilma, Lula e FHC. No governo, resta saber com quem Bolsonaro se equiparar\u00e1.<\/p>\n<p><strong>Fonte:<\/strong> IG<\/p>\n","protected":false},"excerpt":{"rendered":"<p>Apesar de 30 anos de vida p\u00fablica, Bolsonaro foi eleito com discurso contra o sistema pol\u00edtico. No entanto, ele n\u00e3o \u00e9 o primeiro sem experi\u00eancia em cargos executivos a assumir o cargo mais alto da Rep\u00fablica \u2013 pelo contr\u00e1rio. Confira Apesar de quase 30 anos de vida p\u00fablica, Bolsonaro captou o discurso antissistema para se&#8230; <\/p>\n<div class=\"clear\"><\/div>\n<p><a href=\"https:\/\/bbconsultoria.net\/site\/no-brasil-presidente-sem-experiencia-em-cargos-executivos-e-regra-nao-excecao\/\" class=\"excerpt-read-more\">Read More<\/a><\/p>\n","protected":false},"author":1,"featured_media":0,"comment_status":"closed","ping_status":"closed","sticky":false,"template":"","format":"standard","meta":{"footnotes":""},"categories":[82],"tags":[],"class_list":["post-6389","post","type-post","status-publish","format-standard","hentry","category-noticias"],"_links":{"self":[{"href":"https:\/\/bbconsultoria.net\/site\/wp-json\/wp\/v2\/posts\/6389","targetHints":{"allow":["GET"]}}],"collection":[{"href":"https:\/\/bbconsultoria.net\/site\/wp-json\/wp\/v2\/posts"}],"about":[{"href":"https:\/\/bbconsultoria.net\/site\/wp-json\/wp\/v2\/types\/post"}],"author":[{"embeddable":true,"href":"https:\/\/bbconsultoria.net\/site\/wp-json\/wp\/v2\/users\/1"}],"replies":[{"embeddable":true,"href":"https:\/\/bbconsultoria.net\/site\/wp-json\/wp\/v2\/comments?post=6389"}],"version-history":[{"count":1,"href":"https:\/\/bbconsultoria.net\/site\/wp-json\/wp\/v2\/posts\/6389\/revisions"}],"predecessor-version":[{"id":6390,"href":"https:\/\/bbconsultoria.net\/site\/wp-json\/wp\/v2\/posts\/6389\/revisions\/6390"}],"wp:attachment":[{"href":"https:\/\/bbconsultoria.net\/site\/wp-json\/wp\/v2\/media?parent=6389"}],"wp:term":[{"taxonomy":"category","embeddable":true,"href":"https:\/\/bbconsultoria.net\/site\/wp-json\/wp\/v2\/categories?post=6389"},{"taxonomy":"post_tag","embeddable":true,"href":"https:\/\/bbconsultoria.net\/site\/wp-json\/wp\/v2\/tags?post=6389"}],"curies":[{"name":"wp","href":"https:\/\/api.w.org\/{rel}","templated":true}]}}