{"id":6369,"date":"2018-12-03T13:02:52","date_gmt":"2018-12-03T15:02:52","guid":{"rendered":"http:\/\/bbconsultoria.net\/site\/?p=6369"},"modified":"2018-12-05T11:17:44","modified_gmt":"2018-12-05T13:17:44","slug":"diga-me-com-quem-governas-e-eu-te-direi-quem-es","status":"publish","type":"post","link":"https:\/\/bbconsultoria.net\/site\/diga-me-com-quem-governas-e-eu-te-direi-quem-es\/","title":{"rendered":"Diga-me com quem governas e eu te direi quem \u00e9s!"},"content":{"rendered":"<p>Bolsonaro, o presidente eleito, est\u00e1 montando sua tropa de elite no figurino lapidar da caserna. Boa parte do primeiro escal\u00e3o tem esse perfil, \u00e0 imagem e semelhan\u00e7a do capit\u00e3o reformado que seguiu para a reserva, mirou a pol\u00edtica como destino e assume o poder do Pa\u00eds a partir de janeiro pr\u00f3ximo. Quase uma dezena de ministros vestindo uniforme verde-oliva mudar\u00e1 o panorama de Bras\u00edlia, que nunca esteve t\u00e3o militarizada desde os tempos repressivos da ditadura \u2014 embora uma circunst\u00e2ncia nada tenha a ver com a outra, uma vez que o time bolsonarista alcan\u00e7a o Planalto pela via do voto, sem armas ou ruptura institucional. De todo modo, \u00e9 de se esperar uma virada de temperan\u00e7a nas tratativas.<\/p>\n<p>Com o Congresso certamente. Um general comandar\u00e1 a articula\u00e7\u00e3o com os parlamentares. Algo fora do tom habitual de quem, pelo posto no controle do Executivo, deveria buscar o di\u00e1logo e, normalmente, nessas circunst\u00e2ncias, escolheria um entre os pares da Casa para tamanho trabalho, conforme manda a experi\u00eancia. N\u00e3o aconteceu. E se o objetivo foi intimidar, come\u00e7ou mal. Uma coisa \u00e9 repudiar a politicagem barata e rasteira da coaliz\u00e3o por interesse, na base do toma l\u00e1, d\u00e1 c\u00e1. Outra \u00e9 partir para a porta lacrada \u00e0 negocia\u00e7\u00e3o nas pautas de interesse nacional. Se assim ocorrer, deve haver troco. Um Legislativo arredio, barrando demandas ou protelando vota\u00e7\u00f5es, seguindo estritamente o regimento para sabotar quem n\u00e3o lhe trata bem, j\u00e1 mostrou em muitas ocasi\u00f5es o quanto pode atrapalhar. Perigo de novo no horizonte.<\/p>\n<p>Bolsonaro cercou-se daqueles que o confortam com os fundamentos da farda e compartilham, ao seu lado, de uma vis\u00e3o de mundo nacional-estatista e conservadora. Direito leg\u00edtimo optar pelos camaradas em quem confia. Algo conveniente e ao mesmo tempo arriscado. N\u00e3o \u00e9 de bom tom discriminar interlocutores de outras platitudes. H\u00e1 um ineg\u00e1vel d\u00e9ficit de articula\u00e7\u00e3o pol\u00edtica, tanto em rela\u00e7\u00e3o ao Congresso quanto junto ao Judici\u00e1rio. E o generalato n\u00e3o ajuda em nada nesse sentido.<\/p>\n<p>No plano da economia, no entanto, a hist\u00f3ria \u00e9 outra. Aqui o presidente expressa, por enquanto, alguma sabedoria. Flertou com o modelo neoliberal desde que conheceu o economista Paulo Guedes e enxergou nele a tampa da panela. Juntos cozinharam a pajelan\u00e7a do desmonte do setor p\u00fablico em doses homeop\u00e1ticas de privatiza\u00e7\u00e3o. Se levar\u00e3o adiante \u00e9 outra hist\u00f3ria. Bolsonaro acredita piamente, desde a fase como parlamentar, no princ\u00edpio do Estado indutor, com uma agenda de valores e costumes que zela pelos interesses da popula\u00e7\u00e3o, com bancos p\u00fablicos exercendo fun\u00e7\u00f5es sociais e o petr\u00f3leo compondo a partitura de bens estrat\u00e9gicos. J\u00e1 Guedes, da escola ultraliberal de Chicago, infestou o governo com seus companheiros de mercado, todos de uma compet\u00eancia indiscut\u00edvel no campo da livre iniciativa, com vis\u00e3o muito peculiar sobre as prerrogativas de um Estado m\u00ednimo. Se as duas correntes v\u00e3o se chocar ou se fundir \u00e9 um mist\u00e9rio.<\/p>\n<p>O presidente eleito, de todo modo, n\u00e3o comprou por completo as teses do czar da economia e j\u00e1 lhe passou pitos p\u00fablicos quando ele esbo\u00e7ou uma proposta de reedi\u00e7\u00e3o da CPMF e mesmo quando tratou da reforma previdenci\u00e1ria em modelo mais estendido. O presidente d\u00e1 corda aos pendores reformistas de Guedes \u2014 at\u00e9 porque conhece pouco ou nada de Banco Central independente, negocia\u00e7\u00e3o de d\u00edvida p\u00fablica, instrumentos contra oscila\u00e7\u00f5es monet\u00e1rias e outras chatices dessa natureza \u2014, mas segue com um p\u00e9 atr\u00e1s. Resistiu \u00e0 nomea\u00e7\u00e3o de Joaquim Levy para o BNDES e cedeu com ressalvas: \u201cQuem ferrou o Brasil foram os economistas\u201d, tascou como uma esp\u00e9cie de aviso premonit\u00f3rio de que, l\u00e1 na frente, pode vir a mexer na escala\u00e7\u00e3o do golden boy. H\u00e1 outras nuances na composi\u00e7\u00e3o do seu governo. O nepotismo, por exemplo. N\u00e3o h\u00e1 como negar a for\u00e7a e influ\u00eancia que os tr\u00eas filhos do mandat\u00e1rio ter\u00e3o daqui para frente. Observe-se o comportamento do deputado Eduardo Bolsonaro que, nos \u00faltimos dias, liderou uma comitiva diplom\u00e1tica a Washington, tal qual um chanceler informal, e de l\u00e1 emitiu decis\u00f5es perempt\u00f3rias.<\/p>\n<p>A embaixada brasileira ser\u00e1 em Jerusal\u00e9m, estabeleceu unilateralmente contra toda e qualquer resist\u00eancia que havia se formado desde que a ideia foi aventada apenas como possibilidade pelo pr\u00f3prio futuro chefe da Na\u00e7\u00e3o. Eduardo, de sua parte, n\u00e3o hesitou em cravar. Pergunta-se: que outro auxiliar, assessor informal ou seja l\u00e1 a futura fun\u00e7\u00e3o que venha a assumir no governo em forma\u00e7\u00e3o, teria tamanha ousadia em estabelecer uma escolha dessa envergadura sem o benepl\u00e1cito do mandat\u00e1rio?<\/p>\n<p>Apenas algu\u00e9m da fam\u00edlia que goza de plena autonomia para tanto. Seu irm\u00e3o, Carlos Bolsonaro, tamb\u00e9m exibe uma onipresen\u00e7a que irrita aliados e \u00e9 tido como o mais pr\u00f3ximo conselheiro do pai. J\u00e1 travou batalhas com o ministro Gustavo Bebianno, que ir\u00e1 comandar a Secretaria-Geral de Governo, e atira para todos os lados na rede social contra quem se interp\u00f5e a ele. Esse formato peculiar de governo \u2014 com tantas vari\u00e1veis militares, familiares e quetais \u2014 come\u00e7a a ser testado dentro de pouco tempo. N\u00e3o se pode dizer que \u00e9 um modelo moldado ao fracasso. \u00c9 apenas diferente. O tempo dir\u00e1 o qu\u00e3o bem-sucedido ele eventualmente pode vir a ser.<\/p>\n<p><strong>Fonte:<\/strong> ISTO \u00c9<\/p>\n","protected":false},"excerpt":{"rendered":"<p>Bolsonaro, o presidente eleito, est\u00e1 montando sua tropa de elite no figurino lapidar da caserna. Boa parte do primeiro escal\u00e3o tem esse perfil, \u00e0 imagem e semelhan\u00e7a do capit\u00e3o reformado que seguiu para a reserva, mirou a pol\u00edtica como destino e assume o poder do Pa\u00eds a partir de janeiro pr\u00f3ximo. Quase uma dezena de&#8230; <\/p>\n<div class=\"clear\"><\/div>\n<p><a href=\"https:\/\/bbconsultoria.net\/site\/diga-me-com-quem-governas-e-eu-te-direi-quem-es\/\" class=\"excerpt-read-more\">Read More<\/a><\/p>\n","protected":false},"author":1,"featured_media":0,"comment_status":"closed","ping_status":"closed","sticky":false,"template":"","format":"standard","meta":{"footnotes":""},"categories":[82],"tags":[],"class_list":["post-6369","post","type-post","status-publish","format-standard","hentry","category-noticias"],"_links":{"self":[{"href":"https:\/\/bbconsultoria.net\/site\/wp-json\/wp\/v2\/posts\/6369","targetHints":{"allow":["GET"]}}],"collection":[{"href":"https:\/\/bbconsultoria.net\/site\/wp-json\/wp\/v2\/posts"}],"about":[{"href":"https:\/\/bbconsultoria.net\/site\/wp-json\/wp\/v2\/types\/post"}],"author":[{"embeddable":true,"href":"https:\/\/bbconsultoria.net\/site\/wp-json\/wp\/v2\/users\/1"}],"replies":[{"embeddable":true,"href":"https:\/\/bbconsultoria.net\/site\/wp-json\/wp\/v2\/comments?post=6369"}],"version-history":[{"count":1,"href":"https:\/\/bbconsultoria.net\/site\/wp-json\/wp\/v2\/posts\/6369\/revisions"}],"predecessor-version":[{"id":6370,"href":"https:\/\/bbconsultoria.net\/site\/wp-json\/wp\/v2\/posts\/6369\/revisions\/6370"}],"wp:attachment":[{"href":"https:\/\/bbconsultoria.net\/site\/wp-json\/wp\/v2\/media?parent=6369"}],"wp:term":[{"taxonomy":"category","embeddable":true,"href":"https:\/\/bbconsultoria.net\/site\/wp-json\/wp\/v2\/categories?post=6369"},{"taxonomy":"post_tag","embeddable":true,"href":"https:\/\/bbconsultoria.net\/site\/wp-json\/wp\/v2\/tags?post=6369"}],"curies":[{"name":"wp","href":"https:\/\/api.w.org\/{rel}","templated":true}]}}