{"id":6365,"date":"2018-11-07T15:53:27","date_gmt":"2018-11-07T12:53:27","guid":{"rendered":"http:\/\/bbconsultoria.net\/site\/?p=6365"},"modified":"2018-12-01T00:56:05","modified_gmt":"2018-11-30T21:56:05","slug":"hesitacao-perigosa","status":"publish","type":"post","link":"https:\/\/bbconsultoria.net\/site\/hesitacao-perigosa\/","title":{"rendered":"Hesita\u00e7\u00e3o perigosa"},"content":{"rendered":"<h3>A fala de Bolsonaro em rela\u00e7\u00e3o \u00e0 Previd\u00eancia revela hesita\u00e7\u00e3o pr\u00f3pria de quem n\u00e3o sabe bem o que pretende fazer &#8211; em se tratando dessa reforma, \u00e9 preocupante<\/h3>\n<p>No programa de governo que apresentou durante a campanha eleitoral, o agora presidente eleito Jair Bolsonaro n\u00e3o s\u00f3 prometeu fazer a reforma da Previd\u00eancia, como adiantou que \u201ca grande novidade ser\u00e1 a introdu\u00e7\u00e3o de um sistema com contas individuais de capitaliza\u00e7\u00e3o\u201d, cujos optantes \u201cmerecer\u00e3o o benef\u00edcio da redu\u00e7\u00e3o de encargos trabalhistas\u201d. Agora, passada a elei\u00e7\u00e3o, Bolsonaro declarou que v\u00ea com \u201cdesconfian\u00e7a\u201d a prometida mudan\u00e7a do atual modelo de reparti\u00e7\u00e3o para o de capitaliza\u00e7\u00e3o e que ainda \u201cn\u00e3o est\u00e1 batido o martelo\u201d sobre o assunto com seu futuro ministro da Economia, Paulo Guedes &#8211; principal formulador das propostas econ\u00f4micas de Bolsonaro, entre as quais a da reforma da Previd\u00eancia.<\/p>\n<p>N\u00e3o \u00e9 incomum que propostas feitas no calor da campanha eleitoral sejam abandonadas quando o eleito se depara com a crua realidade dos dados econ\u00f4micos, mas a fala de Bolsonaro em rela\u00e7\u00e3o \u00e0 Previd\u00eancia revela uma hesita\u00e7\u00e3o pr\u00f3pria de quem n\u00e3o sabe bem o que pretende fazer &#8211; e isso, em se tratando da reforma da Previd\u00eancia, crucial para a solv\u00eancia do Estado, \u00e9 particularmente preocupante.<\/p>\n<p>N\u00e3o se trata de defender este ou aquele modelo espec\u00edfico para adequar o sistema previdenci\u00e1rio \u00e0 realidade econ\u00f4mica e demogr\u00e1fica do Pa\u00eds, e sim de esperar que o pr\u00f3ximo governo demonstre que tem a exata no\u00e7\u00e3o do tamanho do problema e exiba disposi\u00e7\u00e3o para enfrent\u00e1-lo sem tergiversa\u00e7\u00f5es. N\u00e3o parece ser o caso da futura administra\u00e7\u00e3o Bolsonaro.<\/p>\n<p>O presidente eleito disse que tem \u201cdesconfian\u00e7a\u201d sobre a proposta de Paulo Guedes para a Previd\u00eancia. \u201cSou obrigado a desconfiar para buscar uma maneira de apresentar o projeto. Tenho responsabilidade no tocante a isso a\u00ed. Quem vai garantir que essa nova Previd\u00eancia dar\u00e1 certo? Quem vai pagar? Hoje em dia, mal ou bem, tem o Tesouro, que tem responsabilidade. Voc\u00ea fazendo acertos de forma gradual, atinge o mesmo objetivo sem levar p\u00e2nico \u00e0 sociedade\u201d, disse Bolsonaro \u00e0 TV Bandeirantes.<\/p>\n<p>Bolsonaro prometeu \u201calguma reforma\u201d, mas deixou claro que n\u00e3o pretende se indispor com seu eleitor. \u201cN\u00e3o pode mudar (a Previd\u00eancia) sem levar em conta que tem um ser humano que vai ter a vida modificada\u201d, disse o presidente eleito, para, em seguida, criticar seus assessores econ\u00f4micos: \u201cEu tenho falado isso \u00e0 equipe econ\u00f4mica, \u00e0s vezes um colega s\u00f3 pensa em n\u00fameros\u201d. Segundo ele, o novo governo n\u00e3o quer \u201csalvar o Estado quebrando o cidad\u00e3o brasileiro\u201d.<\/p>\n<p>De fato, \u00e9 preciso ter consci\u00eancia de que qualquer pol\u00edtica p\u00fablica, especialmente aquelas que integram a rede de prote\u00e7\u00e3o social dos cidad\u00e3os mais pobres, n\u00e3o pode ser modificada sem que se levem em conta os efeitos negativos sobre essa parcela da popula\u00e7\u00e3o. No entanto, o que Bolsonaro d\u00e1 a entender \u00e9 que seu plano de reforma da Previd\u00eancia &#8211; quando tiver um &#8211; ser\u00e1 muito menos rigoroso do que a realidade imp\u00f5e.<\/p>\n<p>Bolsonaro fala em reforma \u201cgradual\u201d. De fato, o projeto que est\u00e1 na C\u00e2mara, encaminhado pelo governo Temer, prop\u00f5e uma mudan\u00e7a por etapas, mais f\u00e1cil de ser aceita pelos legisladores. E o presidente eleito oscila entre esse modelo e outros que est\u00e3o \u00e0 sua disposi\u00e7\u00e3o. Ele parece pouco propenso a encarar a dura realidade da crise fiscal, preferindo permanecer no confort\u00e1vel mundo da campanha eleitoral &#8211; que, todavia, j\u00e1 acabou.<\/p>\n<p>Em artigo publicado ontem no Estado, o economista Fabio Giambiagi lembrou que a hesita\u00e7\u00e3o do presidente Mauricio Macri em promover reformas na Argentina at\u00e9 livrou o governo de desgaste pol\u00edtico num primeiro momento, mas foi determinante para o desastre que ora se abate sobre o pa\u00eds, obrigado a adotar um ajuste muito mais doloroso. At\u00e9 agora, Bolsonaro tamb\u00e9m vem sinalizando que n\u00e3o est\u00e1 com \u00e2nimo de contrariar o Congresso nem seu eleitor, e isso explica suas retic\u00eancias a respeito das reformas.<\/p>\n<p>No entanto, se Bolsonaro est\u00e1 realmente disposto a impedir que o cidad\u00e3o comum \u201cquebre\u201d para \u201csalvar o Estado\u201d, \u00e9 preciso evitar a quebra do Estado, porque, quando isso acontece, todos pagam &#8211; especialmente os mais pobres. A reforma da Previd\u00eancia \u00e9 s\u00f3 o primeiro passo para evitar o pior.<\/p>\n","protected":false},"excerpt":{"rendered":"<p>A fala de Bolsonaro em rela\u00e7\u00e3o \u00e0 Previd\u00eancia revela hesita\u00e7\u00e3o pr\u00f3pria de quem n\u00e3o sabe bem o que pretende fazer &#8211; em se tratando dessa reforma, \u00e9 preocupante No programa de governo que apresentou durante a campanha eleitoral, o agora presidente eleito Jair Bolsonaro n\u00e3o s\u00f3 prometeu fazer a reforma da Previd\u00eancia, como adiantou que&#8230; <\/p>\n<div class=\"clear\"><\/div>\n<p><a href=\"https:\/\/bbconsultoria.net\/site\/hesitacao-perigosa\/\" class=\"excerpt-read-more\">Read More<\/a><\/p>\n","protected":false},"author":1,"featured_media":0,"comment_status":"closed","ping_status":"closed","sticky":false,"template":"","format":"standard","meta":{"footnotes":""},"categories":[82],"tags":[],"class_list":["post-6365","post","type-post","status-publish","format-standard","hentry","category-noticias"],"_links":{"self":[{"href":"https:\/\/bbconsultoria.net\/site\/wp-json\/wp\/v2\/posts\/6365","targetHints":{"allow":["GET"]}}],"collection":[{"href":"https:\/\/bbconsultoria.net\/site\/wp-json\/wp\/v2\/posts"}],"about":[{"href":"https:\/\/bbconsultoria.net\/site\/wp-json\/wp\/v2\/types\/post"}],"author":[{"embeddable":true,"href":"https:\/\/bbconsultoria.net\/site\/wp-json\/wp\/v2\/users\/1"}],"replies":[{"embeddable":true,"href":"https:\/\/bbconsultoria.net\/site\/wp-json\/wp\/v2\/comments?post=6365"}],"version-history":[{"count":1,"href":"https:\/\/bbconsultoria.net\/site\/wp-json\/wp\/v2\/posts\/6365\/revisions"}],"predecessor-version":[{"id":6366,"href":"https:\/\/bbconsultoria.net\/site\/wp-json\/wp\/v2\/posts\/6365\/revisions\/6366"}],"wp:attachment":[{"href":"https:\/\/bbconsultoria.net\/site\/wp-json\/wp\/v2\/media?parent=6365"}],"wp:term":[{"taxonomy":"category","embeddable":true,"href":"https:\/\/bbconsultoria.net\/site\/wp-json\/wp\/v2\/categories?post=6365"},{"taxonomy":"post_tag","embeddable":true,"href":"https:\/\/bbconsultoria.net\/site\/wp-json\/wp\/v2\/tags?post=6365"}],"curies":[{"name":"wp","href":"https:\/\/api.w.org\/{rel}","templated":true}]}}