{"id":6363,"date":"2018-11-07T00:51:35","date_gmt":"2018-11-06T21:51:35","guid":{"rendered":"http:\/\/bbconsultoria.net\/site\/?p=6363"},"modified":"2018-12-01T00:55:35","modified_gmt":"2018-11-30T21:55:35","slug":"os-vaivens-de-bolsonaro-sobre-a-reforma-da-previdencia","status":"publish","type":"post","link":"https:\/\/bbconsultoria.net\/site\/os-vaivens-de-bolsonaro-sobre-a-reforma-da-previdencia\/","title":{"rendered":"Os vaiv\u00e9ns de Bolsonaro sobre a reforma da Previd\u00eancia"},"content":{"rendered":"<h3>Presidente eleito se distancia da ideia de capitaliza\u00e7\u00e3o e flerta com reforma de Temer, a qual havia criticado antes<\/h3>\n<p>Por tr\u00e1s dos vaiv\u00e9ns do presidente eleito Jair Bolsonaro em rela\u00e7\u00e3o \u00e0 reforma da Previd\u00eancia, t\u00eam pesado cr\u00edticas internas e externas sobre sobre qual modelo adotar. Bolsonaro parece olhar cada vez mais com carinho para a proposta enviada por Michel Temer para o Congresso.<\/p>\n<p>Entre diversas afirma\u00e7\u00f5es, muitas vezes contradit\u00f3rias, Bolsonaro disse, nesta ter\u00e7a-feira, 6, a jornalistas que seria importante aprovar parte da reforma da Previd\u00eancia ainda neste ano. \u201cN\u00e3o \u00e9 a que queremos, mas \u00e9 a que podemos aprovar\u201d. O coment\u00e1rio foi feito logo ap\u00f3s ele participar da solenidade de celebra\u00e7\u00e3o dos trinta anos da Constitui\u00e7\u00e3o Federal, no Congresso. Um pouco depois, falou at\u00e9 sobre aprovar uma idade m\u00ednima de 62 anos, enquanto que a proposta de Temer pede 65 anos.<\/p>\n<p>Capitaliza\u00e7\u00e3o x reparti\u00e7\u00e3o<br \/>\nOriginalmente, ainda em campanha, a equipe Bolsonaro levantou a bandeira a favor do modelo de capitaliza\u00e7\u00e3o \u2013 que foi estudado at\u00e9 mesmo por seu concorrente, Fernando Haddad (PT). No entanto, n\u00e3o h\u00e1 muitas refer\u00eancias no mundo sobre a aplica\u00e7\u00e3o desse modelo.<\/p>\n<p>O Chile \u00e9 o principal exemplo. Em 1981, o governo de Augusto Pinochet implementou o sistema de capitaliza\u00e7\u00e3o em substitui\u00e7\u00e3o ao modelo de reparti\u00e7\u00e3o, utilizado hoje no Brasil. Nesse novo sistema, os trabalhadores recolheriam 10% dos seus sal\u00e1rios para, aos 65 anos (para homens), retirarem mensalmente parte de suas contribui\u00e7\u00f5es. O modelo individualiza a Previd\u00eancia. O problema \u00e9 que, agora que essa popula\u00e7\u00e3o est\u00e1 se aposentando, 90% recebem menos do que um sal\u00e1rio m\u00ednimo. A culpa \u00e9 da informalidade \u2013 o chileno deixava de contribuir para a Previd\u00eancia quando ficava fora do mercado formal. No modelo de reparti\u00e7\u00e3o, os trabalhadores na ativa acabam pagando a aposentadoria de quem j\u00e1 se retirou do mercado. O sistema tem sido alvo de protestos, e economistas calculam que, at\u00e9 o fim da transi\u00e7\u00e3o, pode haver piora nas finan\u00e7as p\u00fablicas.<\/p>\n<p>Contradizendo seu guru econ\u00f4mico e futuro superministro, Paulo Guedes, Bolsonaro j\u00e1 afirmou que n\u00e3o est\u00e1 plenamente convencido de que o modelo de capitaliza\u00e7\u00e3o \u00e9 o ideal. O certo, em sua vis\u00e3o, seria fixar uma idade m\u00ednima \u2013 mesmo que algumas categorias ganhem privil\u00e9gios. Por exemplo, policiais civis e militares teriam uma idade menor do que a de um trabalhador da iniciativa privada ou do que a de um servidor p\u00fablico.<\/p>\n<p>Essa \u00e9 a proposta de Michel Temer acrescida de alguns remendos. Por\u00e9m, \u00e9 sabido que o texto que tramita na C\u00e2mara n\u00e3o ser\u00e1 suficiente para estancar o rombo que j\u00e1 supera 157 bilh\u00f5es de reais neste ano. O buraco representa os or\u00e7amentos de Sa\u00fade, Educa\u00e7\u00e3o e Seguran\u00e7a P\u00fablica somados. O texto \u00e9 t\u00e3o controverso que o pr\u00f3prio Bolsonaro j\u00e1 desferiu cr\u00edticas a ele. \u201cN\u00e3o adianta uma proposta que n\u00e3o passa no Congresso\u201d, disse, logo ap\u00f3s o primeiro turno.<\/p>\n<p>Paulo Guedes \u00e9 o maior defensor da capitaliza\u00e7\u00e3o. Outras propostas que Bolsonaro tem em m\u00e3os tamb\u00e9m sugerem criar o regime. A mais recente foi entregue pelo ex-presidente do Banco Central Arm\u00ednio Fraga e pelo pesquisador Paulo Tafner. O plano dos economistas prev\u00ea uma economia de 1 trilh\u00e3o de reais em dez anos, mas rende repasses mais baixos aos contribuintes. N\u00e3o h\u00e1 conta m\u00e1gica \u2013 para reduzir o rombo, os benef\u00edcios devem ficar menores. O problema \u00e9 que as aposentadorias da iniciativa privada j\u00e1 s\u00e3o baixas: 1.200 reais, em m\u00e9dia.<\/p>\n<p><strong>Fonte:<\/strong> VEJA<\/p>\n","protected":false},"excerpt":{"rendered":"<p>Presidente eleito se distancia da ideia de capitaliza\u00e7\u00e3o e flerta com reforma de Temer, a qual havia criticado antes Por tr\u00e1s dos vaiv\u00e9ns do presidente eleito Jair Bolsonaro em rela\u00e7\u00e3o \u00e0 reforma da Previd\u00eancia, t\u00eam pesado cr\u00edticas internas e externas sobre sobre qual modelo adotar. Bolsonaro parece olhar cada vez mais com carinho para a&#8230; <\/p>\n<div class=\"clear\"><\/div>\n<p><a href=\"https:\/\/bbconsultoria.net\/site\/os-vaivens-de-bolsonaro-sobre-a-reforma-da-previdencia\/\" class=\"excerpt-read-more\">Read More<\/a><\/p>\n","protected":false},"author":1,"featured_media":0,"comment_status":"closed","ping_status":"closed","sticky":false,"template":"","format":"standard","meta":{"footnotes":""},"categories":[82],"tags":[],"class_list":["post-6363","post","type-post","status-publish","format-standard","hentry","category-noticias"],"_links":{"self":[{"href":"https:\/\/bbconsultoria.net\/site\/wp-json\/wp\/v2\/posts\/6363","targetHints":{"allow":["GET"]}}],"collection":[{"href":"https:\/\/bbconsultoria.net\/site\/wp-json\/wp\/v2\/posts"}],"about":[{"href":"https:\/\/bbconsultoria.net\/site\/wp-json\/wp\/v2\/types\/post"}],"author":[{"embeddable":true,"href":"https:\/\/bbconsultoria.net\/site\/wp-json\/wp\/v2\/users\/1"}],"replies":[{"embeddable":true,"href":"https:\/\/bbconsultoria.net\/site\/wp-json\/wp\/v2\/comments?post=6363"}],"version-history":[{"count":1,"href":"https:\/\/bbconsultoria.net\/site\/wp-json\/wp\/v2\/posts\/6363\/revisions"}],"predecessor-version":[{"id":6364,"href":"https:\/\/bbconsultoria.net\/site\/wp-json\/wp\/v2\/posts\/6363\/revisions\/6364"}],"wp:attachment":[{"href":"https:\/\/bbconsultoria.net\/site\/wp-json\/wp\/v2\/media?parent=6363"}],"wp:term":[{"taxonomy":"category","embeddable":true,"href":"https:\/\/bbconsultoria.net\/site\/wp-json\/wp\/v2\/categories?post=6363"},{"taxonomy":"post_tag","embeddable":true,"href":"https:\/\/bbconsultoria.net\/site\/wp-json\/wp\/v2\/tags?post=6363"}],"curies":[{"name":"wp","href":"https:\/\/api.w.org\/{rel}","templated":true}]}}