{"id":6334,"date":"2018-11-14T10:16:26","date_gmt":"2018-11-14T07:16:26","guid":{"rendered":"http:\/\/bbconsultoria.net\/site\/?p=6334"},"modified":"2018-11-28T18:42:51","modified_gmt":"2018-11-28T15:42:51","slug":"uma-questao-de-compostura","status":"publish","type":"post","link":"https:\/\/bbconsultoria.net\/site\/uma-questao-de-compostura\/","title":{"rendered":"Uma quest\u00e3o de compostura"},"content":{"rendered":"<h3>Que o presidente Temer vete o aumento para os ju\u00edzes e que o STF julgue as a\u00e7\u00f5es do aux\u00edlio-moradia. A coisa p\u00fablica merece um m\u00ednimo de moralidade<\/h3>\n<p>O ministro Luiz Fux, do Supremo Tribunal Federal (STF), n\u00e3o titubeou em afirmar que o julgamento das a\u00e7\u00f5es relativas ao aux\u00edlio-moradia depende da concess\u00e3o do aumento de 16,38% do sal\u00e1rio dos ministros do Supremo, o que envolve elevar o soldo de toda a magistratura nacional. A falta de compostura avan\u00e7a, imp\u00e1vida.<\/p>\n<p>\u201cOs ju\u00edzes n\u00e3o receber\u00e3o cumulativamente recomposi\u00e7\u00e3o e aux\u00edlio-moradia. T\u00e3o logo implementada a recomposi\u00e7\u00e3o, o aux\u00edlio cair\u00e1\u201d, disse o ministro Luiz Fux, que \u00e9 o relator das a\u00e7\u00f5es que tratam do aux\u00edlio-moradia no STF. A mencionada \u201crecomposi\u00e7\u00e3o\u201d \u00e9 o aumento de 16,38% no sal\u00e1rio dos ministros do Supremo, aprovado na semana passada pelo Senado Federal e encaminhado para a san\u00e7\u00e3o do presidente Michel Temer.<\/p>\n<p>Como n\u00e3o foi previsto na Lei de Diretrizes Or\u00e7ament\u00e1rias (LDO) de 2019, o aumento de 16,38% \u00e9 ilegal e merece o veto presidencial. A Carta Magna, no \u00a7 1.\u00ba do art. 169, exige que a concess\u00e3o de qualquer aumento de remunera\u00e7\u00e3o pelos \u00f3rg\u00e3os da administra\u00e7\u00e3o direta ou indireta deve ter pr\u00e9via dota\u00e7\u00e3o or\u00e7ament\u00e1ria suficiente para atender \u00e0s proje\u00e7\u00f5es de despesa de pessoal e aos acr\u00e9scimos dela decorrentes e contar com autoriza\u00e7\u00e3o espec\u00edfica na lei de diretrizes or\u00e7ament\u00e1rias. N\u00e3o \u00e9 o caso do aumento do sal\u00e1rio dos ministros do Supremo Tribunal Federal.<\/p>\n<p>J\u00e1 seria, portanto, um acinte que algum integrante da Suprema Corte defendesse a concess\u00e3o do aumento do pr\u00f3prio soldo aprovado \u00e0 revelia de regras expressas da Constitui\u00e7\u00e3o. O papel do Supremo \u00e9 precisamente guardar a Constitui\u00e7\u00e3o, e n\u00e3o incentivar o seu descumprimento. Se o Congresso aprovou um projeto de lei que n\u00e3o atende aos requisitos constitucionais, n\u00e3o cabe ao Supremo estimular que prevale\u00e7a o tal projeto em detrimento do que prev\u00ea a Constitui\u00e7\u00e3o.<\/p>\n<p>No entanto, o ministro Luiz Fux foi al\u00e9m. Sem maiores pudores, ele deixou claro que as a\u00e7\u00f5es relativas ao aux\u00edlio-moradia de ju\u00edzes e procuradores est\u00e3o prontas para serem julgadas, o \u00fanico \u00f3bice seria a concess\u00e3o do aumento de 16,38%. \u201cT\u00e3o logo implementada a recomposi\u00e7\u00e3o, o aux\u00edlio cair\u00e1\u201d, disse o ministro.<\/p>\n<p>\u00c9 uma desfa\u00e7atez com a popula\u00e7\u00e3o &#8211; que h\u00e1 muito tempo n\u00e3o v\u00ea aumento de seus sal\u00e1rios ou que perdeu o emprego e encontra dificuldades para se recolocar &#8211; que um ministro do STF diga que s\u00f3 realizar\u00e1 o seu trabalho de julgar as a\u00e7\u00f5es quando receber o aumento de 16,38%. Como agravante do caso, a demora no julgamento das a\u00e7\u00f5es do aux\u00edlio-moradia beneficia diretamente sua categoria profissional.<\/p>\n<p>Essa hist\u00f3ria tem um aspecto ainda mais esquisito. O relator admitiu que, uma vez que as a\u00e7\u00f5es forem a julgamento pelo STF, o aux\u00edlio-moradia de ju\u00edzes e procuradores cair\u00e1. Assim, o ministro Luiz Fux reconheceu que o pedido formulado nessas a\u00e7\u00f5es n\u00e3o tem fundamento. N\u00e3o cabe conceder irrestritamente o imoral aux\u00edlio a todos os ju\u00edzes e procuradores e, portanto, assim que forem julgadas as a\u00e7\u00f5es, o aux\u00edlio cair\u00e1.<\/p>\n<p>No entanto, o ministro Luiz Fux, que agora admite com muita franqueza que o aux\u00edlio-moradia cair\u00e1 t\u00e3o logo for a julgamento, foi quem estendeu o pagamento da benesse a todos os ju\u00edzes e procuradores do Pa\u00eds mediante liminar concedida em 2014. Se agora \u00e9 certo que o aux\u00edlio-moradia deve cair, qual foi a raz\u00e3o para conceder a liminar de quatro anos atr\u00e1s?<\/p>\n<p>As decis\u00f5es monocr\u00e1ticas sobre o aux\u00edlio-moradia custam ao Pa\u00eds uma verdadeira fortuna. Apenas nos primeiros oito meses de 2018, o benef\u00edcio pago aos magistrados custou aos cofres p\u00fablicos R$ 973,5 milh\u00f5es. Segundo a Consultoria de Or\u00e7amento e Fiscaliza\u00e7\u00e3o Financeira da C\u00e2mara dos Deputados, a despesa mensal com o aux\u00edlio-moradia dos ju\u00edzes \u00e9 de R$ 139 milh\u00f5es, em m\u00e9dia. H\u00e1 mais de quatro anos que o contribuinte banca esse gasto por for\u00e7a de liminar cujo relator reconhece agora que as a\u00e7\u00f5es ser\u00e3o julgadas improcedentes.<\/p>\n<p>A \u00fanica condi\u00e7\u00e3o para tanto \u00e9 que todos os ju\u00edzes tenham antes o aumento de sal\u00e1rio. Que o presidente Michel Temer vete o projeto de lei inconstitucional e que o Supremo Tribunal Federal julgue as a\u00e7\u00f5es do aux\u00edlio-moradia. A coisa p\u00fablica merece um m\u00ednimo de moralidade.<\/p>\n<p><strong>Fonte:<\/strong> ESTAD\u00c3O<\/p>\n","protected":false},"excerpt":{"rendered":"<p>Que o presidente Temer vete o aumento para os ju\u00edzes e que o STF julgue as a\u00e7\u00f5es do aux\u00edlio-moradia. A coisa p\u00fablica merece um m\u00ednimo de moralidade O ministro Luiz Fux, do Supremo Tribunal Federal (STF), n\u00e3o titubeou em afirmar que o julgamento das a\u00e7\u00f5es relativas ao aux\u00edlio-moradia depende da concess\u00e3o do aumento de 16,38%&#8230; <\/p>\n<div class=\"clear\"><\/div>\n<p><a href=\"https:\/\/bbconsultoria.net\/site\/uma-questao-de-compostura\/\" class=\"excerpt-read-more\">Read More<\/a><\/p>\n","protected":false},"author":1,"featured_media":0,"comment_status":"closed","ping_status":"closed","sticky":false,"template":"","format":"standard","meta":{"footnotes":""},"categories":[82],"tags":[],"class_list":["post-6334","post","type-post","status-publish","format-standard","hentry","category-noticias"],"_links":{"self":[{"href":"https:\/\/bbconsultoria.net\/site\/wp-json\/wp\/v2\/posts\/6334","targetHints":{"allow":["GET"]}}],"collection":[{"href":"https:\/\/bbconsultoria.net\/site\/wp-json\/wp\/v2\/posts"}],"about":[{"href":"https:\/\/bbconsultoria.net\/site\/wp-json\/wp\/v2\/types\/post"}],"author":[{"embeddable":true,"href":"https:\/\/bbconsultoria.net\/site\/wp-json\/wp\/v2\/users\/1"}],"replies":[{"embeddable":true,"href":"https:\/\/bbconsultoria.net\/site\/wp-json\/wp\/v2\/comments?post=6334"}],"version-history":[{"count":1,"href":"https:\/\/bbconsultoria.net\/site\/wp-json\/wp\/v2\/posts\/6334\/revisions"}],"predecessor-version":[{"id":6335,"href":"https:\/\/bbconsultoria.net\/site\/wp-json\/wp\/v2\/posts\/6334\/revisions\/6335"}],"wp:attachment":[{"href":"https:\/\/bbconsultoria.net\/site\/wp-json\/wp\/v2\/media?parent=6334"}],"wp:term":[{"taxonomy":"category","embeddable":true,"href":"https:\/\/bbconsultoria.net\/site\/wp-json\/wp\/v2\/categories?post=6334"},{"taxonomy":"post_tag","embeddable":true,"href":"https:\/\/bbconsultoria.net\/site\/wp-json\/wp\/v2\/tags?post=6334"}],"curies":[{"name":"wp","href":"https:\/\/api.w.org\/{rel}","templated":true}]}}