{"id":6291,"date":"2018-10-01T20:16:16","date_gmt":"2018-10-01T17:16:16","guid":{"rendered":"http:\/\/bbconsultoria.net\/site\/?p=6291"},"modified":"2018-10-04T20:17:07","modified_gmt":"2018-10-04T17:17:07","slug":"a-eleicao-do-medo","status":"publish","type":"post","link":"https:\/\/bbconsultoria.net\/site\/a-eleicao-do-medo\/","title":{"rendered":"A elei\u00e7\u00e3o do medo"},"content":{"rendered":"<p><strong>Fonte:<\/strong> Isto \u00c9<\/p>\n<p>O Brasil est\u00e1 com medo. H\u00e1 um sentimento de ang\u00fastia, de que o Pa\u00eds deve passar momentos de muita tens\u00e3o e com resultados imprevistos. Isso independentemente de quem ven\u00e7a a elei\u00e7\u00e3o. A frustra\u00e7\u00e3o \u00e9 evidente. Imaginava-se que o processo eleitoral iria abrir caminho para a solu\u00e7\u00e3o da mais grave crise pol\u00edtica do Brasil republicano. Ledo engano. O processo eleitoral vai aprofundar a instabilidade. Nada indica, por exemplo, que haver\u00e1 alguma mudan\u00e7a no Congresso Nacional. Muito pelo contr\u00e1rio.<\/p>\n<p>A tend\u00eancia \u00e9 de que a C\u00e2mara dos Deputados mantenha os mesmos interesses nada republicanos como sua prioridade, mesmo que haja \u2014 como \u00e9 habitual \u2014 uma renova\u00e7\u00e3o nominal, apenas nominal. E o Senado? A \u201crenova\u00e7\u00e3o\u201d \u00e9 a volta de Eduardo Suplicy, a presen\u00e7a da novata Dilma Rousseff e o retorno de Jader Barbalho, Renan Calheiros et caterva.<\/p>\n<p>Para a Presid\u00eancia da Rep\u00fablica o quadro \u00e9 ainda mais desanimador. Isso porque a possibilidade de mudan\u00e7a, por ser uma elei\u00e7\u00e3o majorit\u00e1ria, \u00e9 mais vi\u00e1vel. Contudo o quadro foi se agravando no decorrer do processo de constru\u00e7\u00e3o das candidaturas. Por incompet\u00eancia (ou coniv\u00eancia) da Justi\u00e7a, Lula fez gato e sapato da sua condena\u00e7\u00e3o. N\u00e3o cumpriu em momento algum a sua pena. Transformou a sua \u201ccela\u201d \u2014 uma su\u00edte de 15 metros quadrados \u2014 na Pol\u00edcia Federal em comit\u00ea de campanha. Recebe emiss\u00e1rios todos os dias. Fala com quem quer. D\u00e1 ordens. \u00c9 obedecido. E nada acontece. Tudo \u00e9 visto como absolutamente natural.<\/p>\n<p>A direita liberal mais uma vez n\u00e3o conseguiu apresentar um candidato vi\u00e1vel. Logo abandonou a raia e optou oportunisticamente pelo apoio \u00e0 extrema direita que nem programa tem, vive de arroubos vazios mas apresenta bons resultados nas pesquisas de inten\u00e7\u00e3o de voto. Sinal n\u00e3o tanto de concord\u00e2ncia, mas produto da raiva popular, da profunda irrita\u00e7\u00e3o com o sistema pol\u00edtico.<\/p>\n<p>O centro democr\u00e1tico ficou absolutamente paralisado. Com enorme dificuldade para escolher um candidato adequado aos tempos atuais acabou se definindo por um que nunca foi ativo militante de oposi\u00e7\u00e3o efetiva ao petismo. Hoje representa tudo o que os eleitores n\u00e3o querem.<\/p>\n<p>E, pior, fez de tudo para sabotar uma candidatura de enfrentamento ao petismo mas dentro dos marcos democr\u00e1ticos, que combinasse combatividade com efici\u00eancia administrativa, respeito \u00e0 coisa p\u00fablica com ousadia empresarial. Resta recordar Hor\u00e1cio: \u201cCarpe diem, quan minimum credula postero.\u201d<\/p>\n","protected":false},"excerpt":{"rendered":"<p>Fonte: Isto \u00c9 O Brasil est\u00e1 com medo. H\u00e1 um sentimento de ang\u00fastia, de que o Pa\u00eds deve passar momentos de muita tens\u00e3o e com resultados imprevistos. Isso independentemente de quem ven\u00e7a a elei\u00e7\u00e3o. A frustra\u00e7\u00e3o \u00e9 evidente. Imaginava-se que o processo eleitoral iria abrir caminho para a solu\u00e7\u00e3o da mais grave crise pol\u00edtica do&#8230; <\/p>\n<div class=\"clear\"><\/div>\n<p><a href=\"https:\/\/bbconsultoria.net\/site\/a-eleicao-do-medo\/\" class=\"excerpt-read-more\">Read More<\/a><\/p>\n","protected":false},"author":1,"featured_media":0,"comment_status":"closed","ping_status":"closed","sticky":false,"template":"","format":"standard","meta":{"footnotes":""},"categories":[82],"tags":[],"class_list":["post-6291","post","type-post","status-publish","format-standard","hentry","category-noticias"],"_links":{"self":[{"href":"https:\/\/bbconsultoria.net\/site\/wp-json\/wp\/v2\/posts\/6291","targetHints":{"allow":["GET"]}}],"collection":[{"href":"https:\/\/bbconsultoria.net\/site\/wp-json\/wp\/v2\/posts"}],"about":[{"href":"https:\/\/bbconsultoria.net\/site\/wp-json\/wp\/v2\/types\/post"}],"author":[{"embeddable":true,"href":"https:\/\/bbconsultoria.net\/site\/wp-json\/wp\/v2\/users\/1"}],"replies":[{"embeddable":true,"href":"https:\/\/bbconsultoria.net\/site\/wp-json\/wp\/v2\/comments?post=6291"}],"version-history":[{"count":1,"href":"https:\/\/bbconsultoria.net\/site\/wp-json\/wp\/v2\/posts\/6291\/revisions"}],"predecessor-version":[{"id":6292,"href":"https:\/\/bbconsultoria.net\/site\/wp-json\/wp\/v2\/posts\/6291\/revisions\/6292"}],"wp:attachment":[{"href":"https:\/\/bbconsultoria.net\/site\/wp-json\/wp\/v2\/media?parent=6291"}],"wp:term":[{"taxonomy":"category","embeddable":true,"href":"https:\/\/bbconsultoria.net\/site\/wp-json\/wp\/v2\/categories?post=6291"},{"taxonomy":"post_tag","embeddable":true,"href":"https:\/\/bbconsultoria.net\/site\/wp-json\/wp\/v2\/tags?post=6291"}],"curies":[{"name":"wp","href":"https:\/\/api.w.org\/{rel}","templated":true}]}}