{"id":6264,"date":"2018-05-23T17:05:32","date_gmt":"2018-05-23T14:05:32","guid":{"rendered":"http:\/\/bbconsultoria.net\/site\/?p=6264"},"modified":"2018-05-24T17:10:33","modified_gmt":"2018-05-24T14:10:33","slug":"por-que-lula-ainda-e-candidato","status":"publish","type":"post","link":"https:\/\/bbconsultoria.net\/site\/por-que-lula-ainda-e-candidato\/","title":{"rendered":"Por que Lula ainda \u00e9 candidato"},"content":{"rendered":"<p><img loading=\"lazy\" decoding=\"async\" class=\"wp-image-6266 aligncenter\" src=\"http:\/\/bbconsultoria.net\/site\/wp-content\/uploads\/2018\/05\/lula-ricardo-stuckert-pt.jpg\" alt=\"\" width=\"695\" height=\"429\" srcset=\"https:\/\/bbconsultoria.net\/site\/wp-content\/uploads\/2018\/05\/lula-ricardo-stuckert-pt.jpg 850w, https:\/\/bbconsultoria.net\/site\/wp-content\/uploads\/2018\/05\/lula-ricardo-stuckert-pt-300x185.jpg 300w, https:\/\/bbconsultoria.net\/site\/wp-content\/uploads\/2018\/05\/lula-ricardo-stuckert-pt-768x474.jpg 768w\" sizes=\"auto, (max-width: 695px) 100vw, 695px\" \/><\/p>\n<p>O eleitor est\u00e1 distra\u00eddo \u00e0 espera da Copa, a situa\u00e7\u00e3o \u00e9 fluida. N\u00e3o h\u00e1 movimento a se perceber no ranking eleitoral. Ningu\u00e9m tem crescimento consolidado ou significativo nas pesquisas. Tudo pode ainda mudar, inclusive irromper na disputa um outsider arrebatador. Todos os candidatos j\u00e1 declarados est\u00e3o estagnados. Ciro Gomes, o novo favorito se Lula for mesmo defenestrado, na perspectiva de aumentar seu eleitorado, h\u00e1 v\u00e1rias elei\u00e7\u00f5es estacionado entre 8 e 12%, pressiona pela ren\u00fancia do ex-presidente, j\u00e1. Quer ver se seus \u00edndices se mexem com a heran\u00e7a lulista que as pesquisas lhe atribuem.<\/p>\n<p>J\u00e1 \u00e9 consenso que at\u00e9 depois de conhecido o time campe\u00e3o, o quadro pol\u00edtico permanecer\u00e1 inalterado, em compasso de espera. At\u00e9 l\u00e1, n\u00e3o ser\u00e3o definidos apoios e alian\u00e7as, a n\u00e3o ser que o candidato esteja muito fraco e o partido, sem perspectivas l\u00e1 na frente, resolva garantir agora seu quinh\u00e3o.<\/p>\n<p>De que forma o PT poderia rifar um candidato que est\u00e1 em primeiro lugar, cuja situa\u00e7\u00e3o s\u00f3 melhora \u00e0 medida que o eleitor vai percebendo que n\u00e3o tem alternativa e que vence qualquer um no segundo turno?<\/p>\n<p>A posi\u00e7\u00e3o mais confort\u00e1vel no pano de fundo eleitoral \u00e9 mesmo do PT. Lula se diz candidato, est\u00e1 em primeiro lugar nas pesquisas, ganha de qualquer um no segundo turno, e n\u00e3o precisa fazer nada para isso, basta dizer que mant\u00e9m a candidatura apesar da condena\u00e7\u00e3o e da pris\u00e3o. Portanto, as press\u00f5es de governadores petistas, que querem fazer alian\u00e7as nos Estados, e dos candidatos a presidente, que querem logo saber quanto ter\u00e3o do esp\u00f3lio de Lula, n\u00e3o encontrar\u00e3o correspond\u00eancia no PT, que n\u00e3o v\u00ea vantagem na desist\u00eancia agora.<\/p>\n<p>H\u00e1 realmente certo nervosismo dos candidatos e staff de campanha com a demora de Lula para renunciar \u00e0 sua candidatura. Ao contr\u00e1rio dessa expectativa, o ex-presidente s\u00f3 reafirma que \u00e9 candidato, escreve carta compromisso, manda recado e, mesmo dividido o partido, boa parte do PT segue o desejo do caudilho.<\/p>\n<p>A presidente do Supremo Tribunal Federal (STF), ministra C\u00e1rmen L\u00facia, avisou explicitamente, em entrevista recente, que o Tribunal Superior Eleitoral (TSE) n\u00e3o pode, por iniciativa pr\u00f3pria, vetar a candidatura do ex-presidente. \u00c9 preciso uma provoca\u00e7\u00e3o de fora. Por outro lado, a interpreta\u00e7\u00e3o do STF \u00e9 que, pela lei, pessoas condenadas em segunda inst\u00e2ncia, como Lula, n\u00e3o podem disputar elei\u00e7\u00f5es.<\/p>\n<p>A interpreta\u00e7\u00e3o judicial, por\u00e9m, tem mostrado que o tribunal permite, em alguns casos, que a pessoa, mesmo condenada em segundo grau, concorra. \u00c9 essa a vis\u00e3o de alguns advogados que atuam junto \u00e0 justi\u00e7a eleitoral. Mas temendo a controv\u00e9rsia, C\u00e1rmen espera que o assunto Lula se esgote na Justi\u00e7a Eleitoral tendo em vista que, a seu ver, a lei \u00e9 clara.<\/p>\n<p>A luta que se vislumbra parece longa. O desejo de Lula, executado pelo PT, \u00e9 deixar o an\u00fancio de desist\u00eancia, caso a Justi\u00e7a n\u00e3o reconhe\u00e7a sua candidatura, para o fim de agosto ou in\u00edcio de setembro.<\/p>\n<p>O que sustenta essa estrat\u00e9gia, e a torna quase imperativa, \u00e9 que uma ren\u00fancia, agora, n\u00e3o teria a metade da como\u00e7\u00e3o que tem condi\u00e7\u00f5es de provocar se ocorrer mais perto da elei\u00e7\u00e3o.<\/p>\n<p>Se desistisse em momento mais prop\u00edcio do que agora, Lula teria condi\u00e7\u00f5es, inclusive, de transferir o apoio a seu nome para quem apontar como candidato em seu lugar. Esse estaria no segundo turno, imagina-se. E dada a avers\u00e3o da maioria do eleitorado pelos candidatos j\u00e1 lan\u00e7ados, teria grande chance de ganhar.<\/p>\n<p>Deixando tudo, at\u00e9 as alian\u00e7as, para o fim de agosto, o PT estaria na sua zona de conforto. Tamb\u00e9m do ponto de vista jur\u00eddico a estrat\u00e9gia foi avaliada como correta. O fato de ter uma condena\u00e7\u00e3o, n\u00e3o significa, segundo interpreta\u00e7\u00f5es jur\u00eddicas do partido, que ele esteja impedido de concorrer. Quem vai decidir \u00e9 a Justi\u00e7a Eleitoral.<\/p>\n<p>Se provocada agora, a Justi\u00e7a Eleitoral, n\u00e3o tendo ainda o fato concreto do pedido de registro, vai vetar em tese? A hip\u00f3tese da decis\u00e3o em tese \u00e9 considerada imposs\u00edvel por advogados.<\/p>\n<p>H\u00e1, tamb\u00e9m, outra solu\u00e7\u00e3o embutida nessa estrat\u00e9gia, embora n\u00e3o consiga elevadas apostas. Trata-se dos precedentes que permitiriam a candidatura de Lula mesmo condenado. Nessa avalia\u00e7\u00e3o, s\u00e3o quest\u00f5es diferentes: uma coisa \u00e9 o cumprimento da pena antecipadamente, outra \u00e9 a decis\u00e3o da Lei da Ficha Limpa, que diz que algu\u00e9m na situa\u00e7\u00e3o de Lula n\u00e3o pode se candidatar.<\/p>\n<p>Quem tem que decidir \u00e9 a Justi\u00e7a Eleitoral, com base nos fatos concretos. O PT est\u00e1 reunindo os precedentes de pessoas que estavam condenadas e concorreram.<\/p>\n<p>Apresenta-se um recurso, consegue-se medida cautelar, efeito suspensivo e finalmente o registro. S\u00e3o dois processos distintos: um \u00e9 criminal &#8211; condenado em segundo grau, come\u00e7a a cumprir pena. Outro \u00e9 definir a situa\u00e7\u00e3o legal de um candidato condenado que pretenda concorrer.<\/p>\n<p>Essa diferencia\u00e7\u00e3o anima o PT a n\u00e3o abandonar a hip\u00f3tese de ser Lula mesmo o candidato, mais uma raz\u00e3o para manter a candidatura. Com o efeito suspensivo conseguido, o candidato se registra. Depois, tendo vencido, se for derrubado na Justi\u00e7a cassa-se o mandato.<\/p>\n<p>Mas a\u00ed a guerra j\u00e1 estar\u00e1 armada porque o candidato ter\u00e1 recebido mais de 50 milh\u00f5es de votos. A manuten\u00e7\u00e3o da candidatura via Justi\u00e7a leva em considera\u00e7\u00e3o que o que impede o registro n\u00e3o \u00e9 a pris\u00e3o. \u00c9 a condena\u00e7\u00e3o em segundo grau. Mais uma vez, coisas distintas.<\/p>\n<p>E os prazos legais favorecem o combinado. H\u00e1 prazo para conven\u00e7\u00e3o, para registro, para recurso, para substitui\u00e7\u00e3o, tudo depois da Copa, com muita concentra\u00e7\u00e3o no fim de agosto. E por mais que a Justi\u00e7a Eleitoral acelere sua decis\u00e3o, ela ocorrer\u00e1 a essa \u00e9poca, fim de agosto ou in\u00edcio de setembro. A press\u00e3o popular nas redes e a dos advers\u00e1rios deve apressar o TSE. Ontem mesmo o ministro Admar Gonzaga (TSE), a prop\u00f3sito da declara\u00e7\u00e3o de C\u00e1rmen L\u00facia, disse que um s\u00f3 ministro pode despachar o veto ao registro da candidatura, em decis\u00e3o monocr\u00e1tica, se a transgress\u00e3o \u00e0s exig\u00eancias legais estiver bem clara no processo.<\/p>\n<p>Discute-se entre petistas que, se Lula finalmente n\u00e3o for candidato, o melhor para seus advers\u00e1rios e aliados seria deixar ele continuar candidato at\u00e9 agosto. Chegaria l\u00e1 mantendo acesa a chama do apoio popular. At\u00e9 para transferir votos ao substituto a ren\u00fancia em agosto \u00e9 mais adequada. Dizer agora ao eleitor que sem Lula pode votar em Fernando Haddad, \u00e9 um ativo que se dissolve no horizonte e ter\u00e1 menos for\u00e7a do que se o disser faltando 35 dias para a abertura das urnas.<\/p>\n<p>&nbsp;<\/p>\n<p><strong>Fonte:<\/strong> VALOR<\/p>\n","protected":false},"excerpt":{"rendered":"<p>O eleitor est\u00e1 distra\u00eddo \u00e0 espera da Copa, a situa\u00e7\u00e3o \u00e9 fluida. N\u00e3o h\u00e1 movimento a se perceber no ranking eleitoral. Ningu\u00e9m tem crescimento consolidado ou significativo nas pesquisas. Tudo pode ainda mudar, inclusive irromper na disputa um outsider arrebatador. Todos os candidatos j\u00e1 declarados est\u00e3o estagnados. Ciro Gomes, o novo favorito se Lula for&#8230; <\/p>\n<div class=\"clear\"><\/div>\n<p><a href=\"https:\/\/bbconsultoria.net\/site\/por-que-lula-ainda-e-candidato\/\" class=\"excerpt-read-more\">Read More<\/a><\/p>\n","protected":false},"author":1,"featured_media":0,"comment_status":"closed","ping_status":"closed","sticky":false,"template":"","format":"standard","meta":{"footnotes":""},"categories":[82],"tags":[],"class_list":["post-6264","post","type-post","status-publish","format-standard","hentry","category-noticias"],"_links":{"self":[{"href":"https:\/\/bbconsultoria.net\/site\/wp-json\/wp\/v2\/posts\/6264","targetHints":{"allow":["GET"]}}],"collection":[{"href":"https:\/\/bbconsultoria.net\/site\/wp-json\/wp\/v2\/posts"}],"about":[{"href":"https:\/\/bbconsultoria.net\/site\/wp-json\/wp\/v2\/types\/post"}],"author":[{"embeddable":true,"href":"https:\/\/bbconsultoria.net\/site\/wp-json\/wp\/v2\/users\/1"}],"replies":[{"embeddable":true,"href":"https:\/\/bbconsultoria.net\/site\/wp-json\/wp\/v2\/comments?post=6264"}],"version-history":[{"count":2,"href":"https:\/\/bbconsultoria.net\/site\/wp-json\/wp\/v2\/posts\/6264\/revisions"}],"predecessor-version":[{"id":6268,"href":"https:\/\/bbconsultoria.net\/site\/wp-json\/wp\/v2\/posts\/6264\/revisions\/6268"}],"wp:attachment":[{"href":"https:\/\/bbconsultoria.net\/site\/wp-json\/wp\/v2\/media?parent=6264"}],"wp:term":[{"taxonomy":"category","embeddable":true,"href":"https:\/\/bbconsultoria.net\/site\/wp-json\/wp\/v2\/categories?post=6264"},{"taxonomy":"post_tag","embeddable":true,"href":"https:\/\/bbconsultoria.net\/site\/wp-json\/wp\/v2\/tags?post=6264"}],"curies":[{"name":"wp","href":"https:\/\/api.w.org\/{rel}","templated":true}]}}