{"id":6260,"date":"2018-05-22T18:29:04","date_gmt":"2018-05-22T15:29:04","guid":{"rendered":"http:\/\/bbconsultoria.net\/site\/?p=6260"},"modified":"2018-05-23T18:31:07","modified_gmt":"2018-05-23T15:31:07","slug":"dolar-e-petroleo-em-alta-afetam-diretamente-a-economia-e-a-politica","status":"publish","type":"post","link":"https:\/\/bbconsultoria.net\/site\/dolar-e-petroleo-em-alta-afetam-diretamente-a-economia-e-a-politica\/","title":{"rendered":"D\u00f3lar e petr\u00f3leo em alta afetam diretamente a Economia e a Pol\u00edtica"},"content":{"rendered":"<p>NO PA\u00cdS&#8230;<\/p>\n<p>O aumento do d\u00f3lar e o aumento do petr\u00f3leo t\u00eam consequ\u00eancias bastante diretas na Economia brasileira.<\/p>\n<p>Na semana passada, o Banco Central queria reduzir mais os juros b\u00e1sicos da Economia, mas n\u00e3o reduziu. Isso, obviamente, representa mais infla\u00e7\u00e3o, menos crescimento e acaba de sepultar qualquer candidatura do governo ao Pal\u00e1cio do Planalto pelo MDB &#8211; seja do Presidente Temer ou do Henrique Meirelles &#8211; seguir em frente.<\/p>\n<p>O mais prov\u00e1vel continua sendo que esse centro acabar\u00e1 por se aglutinar em torno do Geraldo Alckmin.<\/p>\n<p>NO ESTADO&#8230;<\/p>\n<p>O Eduardo Paes, que trocou o MDB pelo DEM em abril, conseguiu se livrar da inelegibilidade. Realmente, isso acaba incentivando o lan\u00e7amento da candidatura do ex-prefeito do Rio ao governo do Estado fluminense. Mas a possibilidade de assumir o Pal\u00e1cio Guanabara esbarra em uma s\u00e9rie de fantasmas que o atormentam e arrastam correntes.<\/p>\n<p>A Lava Jato est\u00e1 mais viva do que nunca e a quest\u00e3o do Cabral vai ser um problema de desgaste permanente pra ele nessa campanha. Imagino que, se n\u00e3o conseguir aglutinar os candidatos do centro, principalmente a retirada da campanha do \u00cdndio da Costa, ele vai pensar duas vezes antes de ser candidato.<\/p>\n","protected":false},"excerpt":{"rendered":"<p>NO PA\u00cdS&#8230; O aumento do d\u00f3lar e o aumento do petr\u00f3leo t\u00eam consequ\u00eancias bastante diretas na Economia brasileira. Na semana passada, o Banco Central queria reduzir mais os juros b\u00e1sicos da Economia, mas n\u00e3o reduziu. Isso, obviamente, representa mais infla\u00e7\u00e3o, menos crescimento e acaba de sepultar qualquer candidatura do governo ao Pal\u00e1cio do Planalto pelo&#8230; <\/p>\n<div class=\"clear\"><\/div>\n<p><a href=\"https:\/\/bbconsultoria.net\/site\/dolar-e-petroleo-em-alta-afetam-diretamente-a-economia-e-a-politica\/\" class=\"excerpt-read-more\">Read More<\/a><\/p>\n","protected":false},"author":1,"featured_media":0,"comment_status":"closed","ping_status":"closed","sticky":false,"template":"","format":"standard","meta":{"footnotes":""},"categories":[82],"tags":[],"class_list":["post-6260","post","type-post","status-publish","format-standard","hentry","category-noticias"],"_links":{"self":[{"href":"https:\/\/bbconsultoria.net\/site\/wp-json\/wp\/v2\/posts\/6260","targetHints":{"allow":["GET"]}}],"collection":[{"href":"https:\/\/bbconsultoria.net\/site\/wp-json\/wp\/v2\/posts"}],"about":[{"href":"https:\/\/bbconsultoria.net\/site\/wp-json\/wp\/v2\/types\/post"}],"author":[{"embeddable":true,"href":"https:\/\/bbconsultoria.net\/site\/wp-json\/wp\/v2\/users\/1"}],"replies":[{"embeddable":true,"href":"https:\/\/bbconsultoria.net\/site\/wp-json\/wp\/v2\/comments?post=6260"}],"version-history":[{"count":1,"href":"https:\/\/bbconsultoria.net\/site\/wp-json\/wp\/v2\/posts\/6260\/revisions"}],"predecessor-version":[{"id":6261,"href":"https:\/\/bbconsultoria.net\/site\/wp-json\/wp\/v2\/posts\/6260\/revisions\/6261"}],"wp:attachment":[{"href":"https:\/\/bbconsultoria.net\/site\/wp-json\/wp\/v2\/media?parent=6260"}],"wp:term":[{"taxonomy":"category","embeddable":true,"href":"https:\/\/bbconsultoria.net\/site\/wp-json\/wp\/v2\/categories?post=6260"},{"taxonomy":"post_tag","embeddable":true,"href":"https:\/\/bbconsultoria.net\/site\/wp-json\/wp\/v2\/tags?post=6260"}],"curies":[{"name":"wp","href":"https:\/\/api.w.org\/{rel}","templated":true}]}}