{"id":6256,"date":"2018-05-18T18:19:25","date_gmt":"2018-05-18T15:19:25","guid":{"rendered":"http:\/\/bbconsultoria.net\/site\/?p=6256"},"modified":"2018-05-23T18:30:53","modified_gmt":"2018-05-23T15:30:53","slug":"precisamos-de-um-unico-nome-de-centro-diz-temer-em-entrevista-ao-correio","status":"publish","type":"post","link":"https:\/\/bbconsultoria.net\/site\/precisamos-de-um-unico-nome-de-centro-diz-temer-em-entrevista-ao-correio\/","title":{"rendered":"&#8220;Precisamos de um \u00fanico nome de centro&#8221;, diz Temer em entrevista ao Correio"},"content":{"rendered":"<p>o fazer um balan\u00e7o dos dois anos de gest\u00e3o, presidente emedebista diz que n\u00e3o errou no epis\u00f3dio Joesley Batista e afirma que os governistas devem firmar um pacto por nome \u00fanico ao Planalto. Sobre a impopularidade, se diz v\u00edtima de campanha contra ele e as reformas<\/p>\n<p>Um ano depois da divulga\u00e7\u00e3o do \u00e1udio gravado pelo empres\u00e1rio Joesley Batista \u2014 piv\u00f4 do maior esc\u00e2ndalo do atual governo \u2014, o presidente Michel Temer chama o epis\u00f3dio de \u201cembara\u00e7o do dia 17 de maio\u201d, mas diz que, se houve um erro, n\u00e3o foi dele. \u201cO erro foi ele gravar. Recebi in\u00fameras pessoas no Jaburu e n\u00e3o colocava na agenda. Foi um descuido meu, mas n\u00e3o que tenha sido um gesto criminoso, absolutamente n\u00e3o\u201d, disse o emedebista durante entrevista ao Correio, no final da manh\u00e3 de ontem, no gabinete presidencial, terceiro andar do Pal\u00e1cio do Planalto.<\/p>\n<p>Ao fazer uma retrospectiva dos dois anos de mandato, Temer tem na ponta da l\u00edngua avan\u00e7os na economia por causa de reformas e de repactua\u00e7\u00f5es de acordos com estados e munic\u00edpios, al\u00e9m de medidas como a libera\u00e7\u00e3o do FGTS. Mas tamb\u00e9m elenca acertos nas \u00e1reas de educa\u00e7\u00e3o, sa\u00fade, meio ambiente e seguran\u00e7a. Diz, por\u00e9m, n\u00e3o conseguir entender os altos \u00edndices de impopularidade. \u201cSe voc\u00eas colocarem entre aspas, acho que as pessoas n\u00e3o v\u00e3o com a minha cara\u201d, brinca, e, logo depois, emenda, s\u00e9rio: \u201cReconhe\u00e7o esta impopularidade derivada de uma campanha que \u00e9 feita contra mim\u201d.<\/p>\n<p>Em v\u00eddeo no Twitter, Temer diz que l\u00ea muito e v\u00ea v\u00e1rias s\u00e9ries<br \/>\nSobre a candidatura ao Planalto, Temer diz que est\u00e1 \u201cmeditando\u201d, mas abre espa\u00e7o para o debate de um candidato do centro. \u201cEu penso que todos os candidatos tinham de abrir m\u00e3o para firmar um pacto em torno de um s\u00f3 candidato\u201d, afirmou Temer, considerando que este nome pode at\u00e9 mesmo n\u00e3o estar entre os anunciados at\u00e9 agora. Com base nas pesquisas atuais, v\u00ea for\u00e7a em Jair Bolsonaro, Ciro Gomes ou Marina Silva. \u201cIsso significa que precisamos ter um \u00fanico candidato de centro.\u201d<\/p>\n<p>Como o senhor quer ser julgado pela hist\u00f3ria?<br \/>\nOlha&#8230; Pergunta dif\u00edcil. Quero ser julgado como algu\u00e9m que passou por aqui, colocou o Brasil nos trilhos, permitiu uma sequ\u00eancia governamental. Lamento n\u00e3o ter conseguido ainda a reforma da Previd\u00eancia. E tamb\u00e9m quero ser lembrado como algu\u00e9m que manteve, digamos, os crit\u00e9rios democr\u00e1ticos. H\u00e1 poucos dias ouvi de um colega de voc\u00eas, da imprensa, que via algo incr\u00edvel. Batiam em mim, e ainda assim eu mantinha a liberdade de imprensa. Porque existe uma ordem constitucional, que assim determina. Distingo as pessoas das institui\u00e7\u00f5es, todos vamos passar, as institui\u00e7\u00f5es permanecem. Eu quero ser lembrado, assim, como algu\u00e9m que, apesar das agress\u00f5es, n\u00e3o respondeu com agress\u00e3o. Voc\u00eas se lembram na Argentina, por exemplo, a ex-presidente tentou fechar empresas\u2026 Jamais isso me passou pela cabe\u00e7a, por mais que, no plano pessoal, eu considerasse uma injusti\u00e7a. Prego uma reinstitucionaliza\u00e7\u00e3o do pa\u00eds, perdemos um pouco esse sentido, essa no\u00e7\u00e3o. Estamos fazendo essa integra\u00e7\u00e3o na seguran\u00e7a p\u00fablica, por exemplo. Criamos esse minist\u00e9rio porque j\u00e1 t\u00ednhamos levado a garantia da lei e da ordem para 11 estados brasileiros, alguns duas, tr\u00eas vezes. Sem entrar nas compet\u00eancias dos estados, estamos fazendo esse trabalho e colocando tamb\u00e9m verbas, o BNDES est\u00e1 colocando quase R$ 40 bilh\u00f5es para estados e munic\u00edpios brasileiros. Fizemos reuni\u00f5es dos governadores e prefeitos das capitais, reuni\u00f5es das empresas\u2026 Das igrejas, at\u00e9. Para p\u00f4r todo mundo nessa hist\u00f3ria da seguran\u00e7a, e acho fundamental, porque quando fui secret\u00e1rio da primeira vez, me lembro que criei os conselhos comunit\u00e1rios de seguran\u00e7a, que era o sujeito, digamos de capital, que inclui as associa\u00e7\u00f5es de bairro. Falo isso para dizer que quero ser lembrado assim. Agora, se tamb\u00e9m quiserem lembrar de outra maneira, n\u00e3o tem import\u00e2ncia.<\/p>\n<p>O senhor sente algum tipo de m\u00e1goa, se chateia com a alta impopularidade?<br \/>\nZero m\u00e1goa, agora vejo naturalmente um crit\u00e9rio injusto. Reconhe\u00e7o esta impopularidade derivada de uma campanha que \u00e9 feita contra mim, ent\u00e3o, sei l\u00e1, tem 6 milh\u00f5es de pessoas que podem achar que sou uma boa pessoa, t\u00eam 200 que s\u00e3o bombardeados diariamente pelo notici\u00e1rio. Voc\u00ea v\u00ea, n\u00e3o h\u00e1 uma not\u00edcia positiva divulgada. Nisso n\u00e3o se d\u00e1 cr\u00e9dito.<\/p>\n<p>A divulga\u00e7\u00e3o da grava\u00e7\u00e3o do Joesley Batista completou um ano hoje (ontem). A popularidade piorou desde ent\u00e3o?<br \/>\nNaquela data j\u00e1 n\u00e3o tinha muita popularidade, estava muito em alta a pauta da Previd\u00eancia, e a campanha contra mim era uma coisa feroz. Aquilo n\u00e3o me dava popularidade, mas n\u00e3o me incomodava.<\/p>\n<p>Foi um erro receber o Joesley naquele hor\u00e1rio, daquele jeito?<br \/>\nN\u00e3o. Disso n\u00e3o h\u00e1 d\u00favida, o erro foi ele gravar. Pelo seguinte, eu recebi gente l\u00e1 no Jaburu, in\u00fameras pessoas. Empres\u00e1rios, gente da imprensa, \u00e0s vezes, ia jantar \u00e0s 22h30. E n\u00e3o estava na agenda, e at\u00e9 outros empres\u00e1rios.. N\u00e3o colocava na agenda. Esse foi um descuido meu, mas n\u00e3o que tenha sido um gesto criminoso, absolutamente. Sobretudo, o caso do Batista\u2026 Era a quinta vez que se procurava audi\u00eancia comigo e n\u00e3o pude atend\u00ea-lo, por raz\u00f5es factuais. Quando ele ligou aqui, tinha uma homenagem para ir. Quando ele mandou ligar, falei para mandar vir naquele momento. Mas n\u00e3o chegou a vir, talvez, porque seria detectado por causa do gravador, n\u00e3o sei. Eu disse que s\u00f3 podia 21h, 22h, depois da homenagem ao jornalista Noblat. Mandei dizer que precisava sair e fui l\u00e1 na homenagem, depois fui para casa e o esperei l\u00e1. Mas fiz isso com ele e mais 200 pessoas. Se todos gravassem\u2026 Sei l\u00e1.<\/p>\n<p>Se o epis\u00f3dio de Joesley n\u00e3o \u00e9 o motivo, qual a explica\u00e7\u00e3o para a impopularidade?<br \/>\nN\u00e3o sei, n\u00e3o consigo entender bem o porqu\u00ea. Talvez porque eu n\u00e3o seja um sujeito de gestos populistas. Desde a \u00e9poca da faculdade, da procuradoria\u2026 Sempre fui muito discreto. N\u00e3o sei me portar como se fosse um carro aleg\u00f3rico, tem gente que consegue. Eu dificilmente dou lead (informa\u00e7\u00e3o quente e direta para uma reportagem), porque sou muito explicativo. \u00c9 aquela mania de explicar tudo, n\u00e3o sei qual a raz\u00e3o. Quando tem uma campanha muito grande contra o governo, as pessoas acham que sou um tirano, deseducado\u2026 Ali\u00e1s, o que falta ao Brasil, \u00e9 educa\u00e7\u00e3o c\u00edvica, uma certa liturgia, uma certa cerim\u00f4nia entre as pessoas. Porque hoje o desapre\u00e7o e o desprezo pela autoridade s\u00e3o muito grandes. Isso \u00e9 ruim, nos EUA voc\u00ea n\u00e3o chama ningu\u00e9m pelo primeiro nome, \u00e9 Mr. Trump, Mr. Clinton\u2026 Aqui n\u00e3o, \u00e9 Michel, Dilma\u2026 Quando se fala em abuso de autoridade, pensam que algu\u00e9m ofendeu o presidente da Rep\u00fablica, da C\u00e2mara\u2026 Se n\u00e3o perceberem que a \u00fanica figura que tem autoridade no pa\u00eds \u00e9 a lei, voc\u00ea n\u00e3o consegue resolver o assunto, a Constitui\u00e7\u00e3o bem ou mal nasce da soberania popular. Agora, se voc\u00ea votasse uma lei que falasse \u201ctoda vez que algu\u00e9m descumprir o texto constitucional, quando for autoridade p\u00fablica, voc\u00ea est\u00e1 abusando da autoridade\u201d, o mundo seria outro.<\/p>\n<p>O senhor \u00e9 candidato?<br \/>\nAinda estou meditando.<\/p>\n<p>O senhor j\u00e1 est\u00e1 meditando h\u00e1 muito tempo, n\u00e3o?<br \/>\nEu tenho o que dizer. Quem se opuser ao governo, vai ter que dizer que \u00e9 contra o teto dos gastos, que n\u00e3o tem preocupa\u00e7\u00e3o com o pa\u00eds; que \u00e9 contra a infla\u00e7\u00e3o rid\u00edcula de 2,8%, porque \u00e9 a favor de 10,28%; que \u00e9 contra a redu\u00e7\u00e3o dos juros de 14,25%, para 6,5% porque quer juros mais elevados; que \u00e9 contra a recupera\u00e7\u00e3o das estatais, a Petrobras, a Caixa Econ\u00f4mica;, contra a moderniza\u00e7\u00e3o trabalhista porque \u201ctemos que manter a consolida\u00e7\u00e3o de 1943\u201d. Vai ter que dizer isso! N\u00e3o vi ningu\u00e9m ainda\u2026 No caso da reforma da Previd\u00eancia, est\u00e1vamos preparados para votar e aconteceu o embara\u00e7o em 17 de maio e paralisou tudo. Foi algo estupendo, que paralisou o pa\u00eds. Embora achassem que eu renunciaria, estamos aqui e faz um ano. N\u00e3o vi ningu\u00e9m falar, e ningu\u00e9m cobrar, o que se far\u00e1 com a Previd\u00eancia. Porque, embora tenha sa\u00eddo da pauta legislativa, n\u00e3o saiu da pauta pol\u00edtica. S\u00f3 sair\u00e1 se n\u00e3o cobrarem\u2026 N\u00e3o \u00e9 poss\u00edvel mais esse disfarce. Quando formulamos um documento chamado \u201cPonte para o futuro\u201d era para conciliar com o governo anterior. Quando apresentamos, Levy (Joaquim) era o ministro da Fazenda, e at\u00e9 me telefonou, dizendo que existiam pontos formid\u00e1veis. Mas o governo, n\u00e3o sei porqu\u00ea, tomou aquilo como gesto de oposi\u00e7\u00e3o. Quando assumimos, cumprimos quase tudo aquilo que est\u00e1 no projeto. Agora, lan\u00e7aremos outro, \u201cencontro com o futuro\u201d. O que ocorre numa campanha eleitoral \u00e9 que as pessoas dizem algumas coisas e quando chega o governo, n\u00e3o cumprem. N\u00f3s, n\u00e3o, cumprimos e pretendemos cumprir no pr\u00f3ximo. N\u00e3o fui eleito diretamente, como cabe\u00e7a de chapa, fui eleito indiretamente como vice. Mas conclu\u00ed um programa, e tive coragem de concluir.<\/p>\n<p>A divis\u00e3o de candidatos de centro n\u00e3o pode levar \u00e0 derrota nas urnas para esse grupo?<\/p>\n<p>Acho que o afunilamento se dar\u00e1 no fim de junho, come\u00e7o de julho. Hoje todos os candidatos percebem que h\u00e1 um grande v\u00e1cuo, ent\u00e3o, todos querem e acham que podem chegar l\u00e1. Sou contra os r\u00f3tulos, n\u00e9? Esse neg\u00f3cio de esquerda, direita, isso n\u00e3o existe mais. O que o povo quer \u00e9 uma pol\u00edtica de resultado, se ele vem de quem \u00e9 de esquerda, direita, centro, n\u00e3o importa. Usam-se os r\u00f3tulos, de qualquer maneira. Seria extremamente \u00fatil que tiv\u00e9ssemos um candidato de extrema esquerda, extrema direita e de centro. O eleitor vai escolher em face dos projetos. Agora, se no chamado centro tivermos oito, nove candidatos, ningu\u00e9m vai chegar l\u00e1.<\/p>\n<p>&nbsp;<\/p>\n<p><strong>Fonte:<\/strong> Correio Braziliense<\/p>\n","protected":false},"excerpt":{"rendered":"<p>o fazer um balan\u00e7o dos dois anos de gest\u00e3o, presidente emedebista diz que n\u00e3o errou no epis\u00f3dio Joesley Batista e afirma que os governistas devem firmar um pacto por nome \u00fanico ao Planalto. Sobre a impopularidade, se diz v\u00edtima de campanha contra ele e as reformas Um ano depois da divulga\u00e7\u00e3o do \u00e1udio gravado pelo&#8230; <\/p>\n<div class=\"clear\"><\/div>\n<p><a href=\"https:\/\/bbconsultoria.net\/site\/precisamos-de-um-unico-nome-de-centro-diz-temer-em-entrevista-ao-correio\/\" class=\"excerpt-read-more\">Read More<\/a><\/p>\n","protected":false},"author":1,"featured_media":0,"comment_status":"closed","ping_status":"closed","sticky":false,"template":"","format":"standard","meta":{"footnotes":""},"categories":[82],"tags":[],"class_list":["post-6256","post","type-post","status-publish","format-standard","hentry","category-noticias"],"_links":{"self":[{"href":"https:\/\/bbconsultoria.net\/site\/wp-json\/wp\/v2\/posts\/6256","targetHints":{"allow":["GET"]}}],"collection":[{"href":"https:\/\/bbconsultoria.net\/site\/wp-json\/wp\/v2\/posts"}],"about":[{"href":"https:\/\/bbconsultoria.net\/site\/wp-json\/wp\/v2\/types\/post"}],"author":[{"embeddable":true,"href":"https:\/\/bbconsultoria.net\/site\/wp-json\/wp\/v2\/users\/1"}],"replies":[{"embeddable":true,"href":"https:\/\/bbconsultoria.net\/site\/wp-json\/wp\/v2\/comments?post=6256"}],"version-history":[{"count":1,"href":"https:\/\/bbconsultoria.net\/site\/wp-json\/wp\/v2\/posts\/6256\/revisions"}],"predecessor-version":[{"id":6257,"href":"https:\/\/bbconsultoria.net\/site\/wp-json\/wp\/v2\/posts\/6256\/revisions\/6257"}],"wp:attachment":[{"href":"https:\/\/bbconsultoria.net\/site\/wp-json\/wp\/v2\/media?parent=6256"}],"wp:term":[{"taxonomy":"category","embeddable":true,"href":"https:\/\/bbconsultoria.net\/site\/wp-json\/wp\/v2\/categories?post=6256"},{"taxonomy":"post_tag","embeddable":true,"href":"https:\/\/bbconsultoria.net\/site\/wp-json\/wp\/v2\/tags?post=6256"}],"curies":[{"name":"wp","href":"https:\/\/api.w.org\/{rel}","templated":true}]}}