{"id":6254,"date":"2018-05-18T18:15:34","date_gmt":"2018-05-18T15:15:34","guid":{"rendered":"http:\/\/bbconsultoria.net\/site\/?p=6254"},"modified":"2018-05-23T18:30:44","modified_gmt":"2018-05-23T15:30:44","slug":"prisao-de-dirceu-e-um-novo-marco-terrivel-para-o-pt-encurralado","status":"publish","type":"post","link":"https:\/\/bbconsultoria.net\/site\/prisao-de-dirceu-e-um-novo-marco-terrivel-para-o-pt-encurralado\/","title":{"rendered":"Pris\u00e3o de Dirceu \u00e9 um novo marco terr\u00edvel para o PT encurralado"},"content":{"rendered":"<h5><em>Dirceu tem at\u00e9 as 17 horas para se apresentar \u00e0 PF e cumprir os 30 anos e nove meses de pris\u00e3o, pena imposta pela na Opera\u00e7\u00e3o Lava Jato<\/em><\/h5>\n<p>O PT ter\u00e1 mais um terr\u00edvel epis\u00f3dio de sua hist\u00f3ria nesta sexta-feira. O ex-ministro-chefe da Casa Civil Jos\u00e9 Dirceu teve o pedido de pris\u00e3o decretado pela Justi\u00e7a Federal e deve voltar hoje para a cadeia. A ju\u00edza federal Gabriela Hardt, substituta da mesma Vara do juiz Sergio Moro, deu at\u00e9 as 17 horas para que o petista se apresente para cumprir os 30 anos e nove meses de pris\u00e3o, pena imposta pela na Opera\u00e7\u00e3o Lava-Jato.<\/p>\n<p>Dirceu se apresenta na carceragem da Pol\u00edcia Federal em Bras\u00edlia. Ele, que j\u00e1 foi preso preventivamente, volta para tr\u00e1s das grades por ter sido condenado em segunda inst\u00e2ncia por corrup\u00e7\u00e3o passiva, organiza\u00e7\u00e3o criminosa e lavagem de dinheiro. Dirceu \u00e9 acusado de receber dinheiro de propina por facilidades em contratos p\u00fablicos de empresas contratadas pela Petrobras. As irregularidades aconteciam na diretoria de Servi\u00e7os da estatal, \u00e1rea de influ\u00eancia do PT.<\/p>\n<p>O ex-ministro tamb\u00e9m passou um ano na cadeia por seu envolvimento no mensal\u00e3o, a partir de novembro de 2013. Foi condenado naquela situa\u00e7\u00e3o a sete anos e 11 meses de pris\u00e3o, mas foi autorizado a cumprir pena em casa. Em agosto de 2015, a fase \u201cPixuleco\u201d da Lava-Jato o colocou de novo atr\u00e1s das grades.<\/p>\n<p>A mancha negra na biografia petista n\u00e3o \u00e9, portanto, a simples pris\u00e3o. Pela primeira vez, os tr\u00eas mais influentes homens da hist\u00f3ria do partido estar\u00e3o presos. Junto com Dirceu, o ex-ministro da Fazenda Antonio Palocci e o pr\u00f3prio ex-presidente da Rep\u00fablica Luiz In\u00e1cio Lula da Silva tamb\u00e9m foram presos pela Opera\u00e7\u00e3o Lava-Jato. A \u00faltima vez que os tr\u00eas estiveram em condi\u00e7\u00f5es t\u00e3o pr\u00f3ximas foi no governo, antes do mensal\u00e3o.<\/p>\n<p>As deten\u00e7\u00f5es t\u00eam levado um grupo de dissidentes do partido a criticar a postura da presidente do PT, Gleisi Hoffmann (acusada pela Pol\u00edcia Federal de ter recebido mais de 5 milh\u00f5es de reais em propina) de insistir na candidatura de Lula. O governador do Cear\u00e1, Camila Santana, defendeu publicamente uma alian\u00e7a com Ciro Gomes e cobrou que o PT saia de um \u201cisolamento suicida\u201d em entrevista ao Estad\u00e3o. Ao comentar sobre sua condena\u00e7\u00e3o, Dirceu costuma dizer que n\u00e3o pode \u201cbrigar com a cadeia\u201d. Santana cobra de Gleisi a mesma postura.<\/p>\n<p><strong>Fonte:<\/strong> Exame<\/p>\n","protected":false},"excerpt":{"rendered":"<p>Dirceu tem at\u00e9 as 17 horas para se apresentar \u00e0 PF e cumprir os 30 anos e nove meses de pris\u00e3o, pena imposta pela na Opera\u00e7\u00e3o Lava Jato O PT ter\u00e1 mais um terr\u00edvel epis\u00f3dio de sua hist\u00f3ria nesta sexta-feira. O ex-ministro-chefe da Casa Civil Jos\u00e9 Dirceu teve o pedido de pris\u00e3o decretado pela Justi\u00e7a&#8230; <\/p>\n<div class=\"clear\"><\/div>\n<p><a href=\"https:\/\/bbconsultoria.net\/site\/prisao-de-dirceu-e-um-novo-marco-terrivel-para-o-pt-encurralado\/\" class=\"excerpt-read-more\">Read More<\/a><\/p>\n","protected":false},"author":1,"featured_media":0,"comment_status":"closed","ping_status":"closed","sticky":false,"template":"","format":"standard","meta":{"footnotes":""},"categories":[82],"tags":[],"class_list":["post-6254","post","type-post","status-publish","format-standard","hentry","category-noticias"],"_links":{"self":[{"href":"https:\/\/bbconsultoria.net\/site\/wp-json\/wp\/v2\/posts\/6254","targetHints":{"allow":["GET"]}}],"collection":[{"href":"https:\/\/bbconsultoria.net\/site\/wp-json\/wp\/v2\/posts"}],"about":[{"href":"https:\/\/bbconsultoria.net\/site\/wp-json\/wp\/v2\/types\/post"}],"author":[{"embeddable":true,"href":"https:\/\/bbconsultoria.net\/site\/wp-json\/wp\/v2\/users\/1"}],"replies":[{"embeddable":true,"href":"https:\/\/bbconsultoria.net\/site\/wp-json\/wp\/v2\/comments?post=6254"}],"version-history":[{"count":1,"href":"https:\/\/bbconsultoria.net\/site\/wp-json\/wp\/v2\/posts\/6254\/revisions"}],"predecessor-version":[{"id":6255,"href":"https:\/\/bbconsultoria.net\/site\/wp-json\/wp\/v2\/posts\/6254\/revisions\/6255"}],"wp:attachment":[{"href":"https:\/\/bbconsultoria.net\/site\/wp-json\/wp\/v2\/media?parent=6254"}],"wp:term":[{"taxonomy":"category","embeddable":true,"href":"https:\/\/bbconsultoria.net\/site\/wp-json\/wp\/v2\/categories?post=6254"},{"taxonomy":"post_tag","embeddable":true,"href":"https:\/\/bbconsultoria.net\/site\/wp-json\/wp\/v2\/tags?post=6254"}],"curies":[{"name":"wp","href":"https:\/\/api.w.org\/{rel}","templated":true}]}}