{"id":6252,"date":"2018-05-17T17:52:43","date_gmt":"2018-05-17T14:52:43","guid":{"rendered":"http:\/\/bbconsultoria.net\/site\/?p=6252"},"modified":"2018-05-23T18:30:27","modified_gmt":"2018-05-23T15:30:27","slug":"cronologia-do-atraso","status":"publish","type":"post","link":"https:\/\/bbconsultoria.net\/site\/cronologia-do-atraso\/","title":{"rendered":"Cronologia do atraso"},"content":{"rendered":"<h5><em>Escolha desastrada de slogan d\u00e1 ideia de como ser\u00e1 dif\u00edcil defender reformas na elei\u00e7\u00e3o<\/em><\/h5>\n<p>O presidente da Rep\u00fablica, Michel Temer, discursa no Pal\u00e1cio do Planalto, em Bras\u00edlia, durante cerim\u00f4nia para celebrar seus dois anos de governo<\/p>\n<p>De mais marcante, a celebra\u00e7\u00e3o oficial do anivers\u00e1rio de dois anos do governo Michel Temer, na ter\u00e7a-feira (15), suscitou uma onda de coment\u00e1rios jocosos com o convite que apresentava o slogan \u201cO Brasil voltou, 20 anos em 2\u201d.<\/p>\n<p>Logo se percebe que a senten\u00e7a desastrada, se lida sem a v\u00edrgula, descreve um retrocesso brutal. Esse, claro, foi o principal motivo das chacotas, al\u00e9m de novo mote para os ataques pol\u00edticos \u00e0 hoje esvaziada administra\u00e7\u00e3o emedebista. Existe mais de revelador, entretanto, nas palavras escolhidas.<\/p>\n<p>Trata-se de \u00f3bvia refer\u00eancia ao lema celebrizado no Plano de Metas de Juscelino Kubitschek, de \u201c50 anos em 5\u201d \u2014o quinqu\u00eanio em quest\u00e3o era o per\u00edodo 1956-61. Eis, portanto, um governo que se pretende liberal e modernizador a se promover com a sintaxe do velho desenvolvimentismo nacional.<\/p>\n<p>Algo semelhante se nota na tentativa de compilar as realiza\u00e7\u00f5es da breve gest\u00e3o de Temer que justificariam tamanho ufanismo.<\/p>\n<p>No balan\u00e7o elaborado pelo Planalto listam-se, com maior ou menor propriedade, a alta programada do sal\u00e1rio m\u00ednimo, saques nas contas do FGTS, o cr\u00e9dito \u00e0 agricultura familiar, o reajuste do Bolsa Fam\u00edlia, as casas constru\u00eddas pelo Minha Casa, Minha Vida.<\/p>\n<p>Esses e outros feitos do poder p\u00fablico ainda t\u00eam mais apelo, no debate eleitoral do pa\u00eds, que reformas destinadas a conter os gastos e a interven\u00e7\u00e3o do Estado na economia \u2014esta, de fato, a agenda fundamental do governo.<\/p>\n<p>Os candidatos identificados com tal plataforma \u2014e aqueles que, premidos pela conjuntura, ter\u00e3o de recorrer a ela\u2014 enfrentar\u00e3o o desafio de torn\u00e1-la palat\u00e1vel numa campanha presidencial.<\/p>\n<p>Geraldo Alckmin (PSDB), por exemplo, saiu-se com a meta de dobrar a renda dos brasileiros em 20 anos, o que demandaria um crescimento m\u00e9dio anual do Produto Interno Bruto na casa dos 4%.<\/p>\n<p>Compreende-se a l\u00f3gica: \u00e9 um modo de dizer que o rombo or\u00e7ament\u00e1rio, a burocracia e o estatismo reduzem o potencial de expans\u00e3o da economia. Mas a promessa hoje parece pouco palp\u00e1vel.<\/p>\n<p>Seria menos dif\u00edcil sustent\u00e1-la se o pa\u00eds vivesse uma recupera\u00e7\u00e3o acelerada do emprego, dos sal\u00e1rios, do consumo, da produ\u00e7\u00e3o. O que se v\u00ea, por\u00e9m, \u00e9 um desempenho decepcionante neste ano, traduzido pela queda rec\u00e9m-apurada do indicador de atividade do Banco Central no primeiro trimestre.<\/p>\n<p>O dado mostra que, embora tenha ficado para tr\u00e1s a recess\u00e3o iniciada sob Dilma Rousseff (PT), a retomada fr\u00e1gil mant\u00e9m o pa\u00eds em patamar ainda inferior ao do fim de 2010. Esse, sim, \u00e9 um retrocesso prestes a ser medido em d\u00e9cada.<\/p>\n<p>&nbsp;<\/p>\n<p><strong>Fonte:<\/strong> Folha<\/p>\n","protected":false},"excerpt":{"rendered":"<p>Escolha desastrada de slogan d\u00e1 ideia de como ser\u00e1 dif\u00edcil defender reformas na elei\u00e7\u00e3o O presidente da Rep\u00fablica, Michel Temer, discursa no Pal\u00e1cio do Planalto, em Bras\u00edlia, durante cerim\u00f4nia para celebrar seus dois anos de governo De mais marcante, a celebra\u00e7\u00e3o oficial do anivers\u00e1rio de dois anos do governo Michel Temer, na ter\u00e7a-feira (15), suscitou&#8230; <\/p>\n<div class=\"clear\"><\/div>\n<p><a href=\"https:\/\/bbconsultoria.net\/site\/cronologia-do-atraso\/\" class=\"excerpt-read-more\">Read More<\/a><\/p>\n","protected":false},"author":1,"featured_media":0,"comment_status":"closed","ping_status":"closed","sticky":false,"template":"","format":"standard","meta":{"footnotes":""},"categories":[82],"tags":[],"class_list":["post-6252","post","type-post","status-publish","format-standard","hentry","category-noticias"],"_links":{"self":[{"href":"https:\/\/bbconsultoria.net\/site\/wp-json\/wp\/v2\/posts\/6252","targetHints":{"allow":["GET"]}}],"collection":[{"href":"https:\/\/bbconsultoria.net\/site\/wp-json\/wp\/v2\/posts"}],"about":[{"href":"https:\/\/bbconsultoria.net\/site\/wp-json\/wp\/v2\/types\/post"}],"author":[{"embeddable":true,"href":"https:\/\/bbconsultoria.net\/site\/wp-json\/wp\/v2\/users\/1"}],"replies":[{"embeddable":true,"href":"https:\/\/bbconsultoria.net\/site\/wp-json\/wp\/v2\/comments?post=6252"}],"version-history":[{"count":1,"href":"https:\/\/bbconsultoria.net\/site\/wp-json\/wp\/v2\/posts\/6252\/revisions"}],"predecessor-version":[{"id":6253,"href":"https:\/\/bbconsultoria.net\/site\/wp-json\/wp\/v2\/posts\/6252\/revisions\/6253"}],"wp:attachment":[{"href":"https:\/\/bbconsultoria.net\/site\/wp-json\/wp\/v2\/media?parent=6252"}],"wp:term":[{"taxonomy":"category","embeddable":true,"href":"https:\/\/bbconsultoria.net\/site\/wp-json\/wp\/v2\/categories?post=6252"},{"taxonomy":"post_tag","embeddable":true,"href":"https:\/\/bbconsultoria.net\/site\/wp-json\/wp\/v2\/tags?post=6252"}],"curies":[{"name":"wp","href":"https:\/\/api.w.org\/{rel}","templated":true}]}}