{"id":6243,"date":"2018-05-16T18:51:20","date_gmt":"2018-05-16T15:51:20","guid":{"rendered":"http:\/\/bbconsultoria.net\/site\/?p=6243"},"modified":"2018-05-16T18:52:53","modified_gmt":"2018-05-16T15:52:53","slug":"sem-desgaste-politico-dados-de-balanco-de-dois-anos-de-governo-levariam-temer-ao-segundo-turno-avaliam-assessores","status":"publish","type":"post","link":"https:\/\/bbconsultoria.net\/site\/sem-desgaste-politico-dados-de-balanco-de-dois-anos-de-governo-levariam-temer-ao-segundo-turno-avaliam-assessores\/","title":{"rendered":"Sem desgaste pol\u00edtico, dados de balan\u00e7o de dois anos de governo levariam Temer ao segundo turno, avaliam assessores"},"content":{"rendered":"<p><img loading=\"lazy\" decoding=\"async\" class=\"wp-image-6246 aligncenter\" src=\"http:\/\/bbconsultoria.net\/site\/wp-content\/uploads\/2018\/05\/6738566_x720-300x169.jpg\" alt=\"\" width=\"598\" height=\"337\" srcset=\"https:\/\/bbconsultoria.net\/site\/wp-content\/uploads\/2018\/05\/6738566_x720-300x169.jpg 300w, https:\/\/bbconsultoria.net\/site\/wp-content\/uploads\/2018\/05\/6738566_x720-768x432.jpg 768w, https:\/\/bbconsultoria.net\/site\/wp-content\/uploads\/2018\/05\/6738566_x720-1024x576.jpg 1024w, https:\/\/bbconsultoria.net\/site\/wp-content\/uploads\/2018\/05\/6738566_x720.jpg 1280w\" sizes=\"auto, (max-width: 598px) 100vw, 598px\" \/><\/p>\n<p>A avalia\u00e7\u00e3o \u00e9 feita em tom de certa resigna\u00e7\u00e3o. Assessores do presidente Michel Temer costumam elencar os n\u00fameros positivos obtidos pela administra\u00e7\u00e3o do emedebista, que hoje estar\u00e3o numa cartilha a ser distribu\u00edda durante o evento de balan\u00e7o de dois anos de gest\u00e3o, na tentativa de mostrar que poucos governos fizeram tanto quanto o atual.<\/p>\n<p>Segundo eles, n\u00e3o fosse o desgaste pol\u00edtico de Temer, o presidente n\u00e3o s\u00f3 teria condi\u00e7\u00f5es de se candidatar \u00e0 reelei\u00e7\u00e3o como poderia chegar pelo menos ao segundo turno. Gra\u00e7as, afirmam, aos resultados positivos na economia e na \u00e1rea social durante esses dois anos de governo.<\/p>\n<p>S\u00f3 que, admitem, Temer \u00e9 um teflon seletivo e ao contr\u00e1rio. O que \u00e9 bom n\u00e3o cola na imagem dele. J\u00e1 o que \u00e9 ruim fica grudado e n\u00e3o sai.<\/p>\n<p>Os motivos, avaliam assessores mais realistas, n\u00e3o est\u00e3o ligados apenas \u00e0s den\u00fancias feitas pela Procuradoria-Geral da Rep\u00fablica (PGR) contra Temer no ano passado e as investiga\u00e7\u00f5es em curso na Pol\u00edcia Federal, que associam a imagem do presidente a casos de corrup\u00e7\u00e3o. Esses fatos pesam, mas tamb\u00e9m outros no campo pol\u00edtico minam as for\u00e7as do emedebista.<\/p>\n<p>Um exemplo \u00e9 ele ter come\u00e7ado sua administra\u00e7\u00e3o sofrendo desgastes, com a queda de nada menos que seis ministros em 2016 e a pris\u00e3o de alguns ex-ministros e amigos.<\/p>\n<p>Pesam ainda contra Temer suas medidas pol\u00eamicas, com recuos for\u00e7ados diante de cr\u00edticas, como a flexibiliza\u00e7\u00e3o na fiscaliza\u00e7\u00e3o do trabalho escravo no Brasil e a permiss\u00e3o para minera\u00e7\u00e3o em \u00e1rea ambiental na Amaz\u00f4nia.<\/p>\n<p>A equipe de Temer destaca ainda que o presidente acabou perdendo pontos junto \u00e0 popula\u00e7\u00e3o por causa de suas propostas de reforma, importantes para o pa\u00eds, mas consideradas impopulares.<\/p>\n<p>Entre elas, as reformas trabalhista e da Previd\u00eancia Social. A primeira foi aprovada. A segunda, n\u00e3o.<\/p>\n<p>Cartilha com o balan\u00e7o do governo<br \/>\nEnfim, o fato \u00e9 que Temer, apesar de ter avan\u00e7ado nestes dois anos, perdeu mais for\u00e7a pol\u00edtica do que ganhou. No evento desta ter\u00e7a-feira (15), a cartilha elaborada por sua equipe ir\u00e1 trazer dados na seguinte linha, que v\u00e3o estar tamb\u00e9m em campanha publicit\u00e1ria que ser\u00e1 veiculada em breve:<\/p>\n<p>A infla\u00e7\u00e3o caiu de 9,39% para 2,68%;<br \/>\na taxa de juros do Banco Central foi reduzida de 14,25% para 6,5%;<br \/>\na fila de pessoas em busca de benef\u00edcios do Bolsa Fam\u00edlia foi zerada, sendo que havia 1,9 milh\u00e3o de fam\u00edlias em busca do programa em maio de 2016;<br \/>\ngoverno reajustou os benef\u00edcios do Bolsa Fam\u00edlia duas vezes, em 12,5% e 5,67%;<br \/>\nforam contratadas 38 mil novas unidades por m\u00eas no Minha Casa, Minha Vida.<br \/>\nA cartilha, de 36 p\u00e1ginas, diz em sua capa: \u201cAvan\u00e7amos, dois anos de vit\u00f3rias na vida de cada brasileiro\u201d.<\/p>\n<p>Em seguida, diz: \u201cO Brasil voltou\u201d. Uma tentativa de fazer uma liga\u00e7\u00e3o com o coro de campos de futebol, quando um time se recupera de uma fase negativa e ganha um campeonato: \u201cO campe\u00e3o voltou\u201d.<\/p>\n<p>Uma trapalhada feita no convite para o evento acabou sendo um retrato do governo atual. L\u00e1, estava impresso: \u201cO Brasil voltou, vinte anos em dois\u201d.<\/p>\n<p>Sem a v\u00edrgula e lida apressadamente, a interpreta\u00e7\u00e3o seria a oposta da pretendida. De que o pa\u00eds poderia ter retrocedido vinte anos em dois. Sem falar que era uma busca de recriar o slogan do ex-presidente Juscelino Kubitschek, \u201cCinquenta anos em cinco\u201d. Enfim, at\u00e9 quando \u00e9 para faturar o governo Temer arranja um jeito de trope\u00e7ar nas pr\u00f3prias pernas.<\/p>\n<p>Da\u00ed o coment\u00e1rio de alguns assessores: fosse outro o presidente, sem o desgaste pol\u00edtico e as trapalhadas da sua equipe, ele teria condi\u00e7\u00f5es de se candidatar \u00e0 reelei\u00e7\u00e3o e ir pelo menos para o segundo turno.<\/p>\n<p>Muni\u00e7\u00e3o na economia ele tem, mas a imagem n\u00e3o ajuda nem um pouco e inviabiliza o projeto do MDB de permanecer no comando do Pal\u00e1cio do Planalto.<\/p>\n<p>T\u00eam at\u00e9 raz\u00e3o. Mas a pr\u00f3pria equipe de Temer reconhece que a imagem do presidente se desgastou tanto que ele n\u00e3o consegue capitalizar o que de bom foi feito na sua administra\u00e7\u00e3o.<\/p>\n<p>Isso \u00e9, na vis\u00e3o de aliados, resultado das investiga\u00e7\u00f5es contra o presidente em curso no STF, das den\u00fancias feitas pelo Minist\u00e9rio P\u00fablico contra ele e pelo fato de o PT ter conseguido entoar o discurso de que o emedebista seria um traidor.<\/p>\n<p>Para assessores de Temer, fosse outro o presidente, sem o desgaste pol\u00edtico acumulado pelo emedebista neste mesmo per\u00edodo, ele teria condi\u00e7\u00f5es de ser candidato \u00e0 reelei\u00e7\u00e3o e estaria pelo menos no segundo turno.<\/p>\n<p><strong>Fonte:<\/strong> G1 &#8211; Por Valdo Cruz<\/p>\n","protected":false},"excerpt":{"rendered":"<p>A avalia\u00e7\u00e3o \u00e9 feita em tom de certa resigna\u00e7\u00e3o. Assessores do presidente Michel Temer costumam elencar os n\u00fameros positivos obtidos pela administra\u00e7\u00e3o do emedebista, que hoje estar\u00e3o numa cartilha a ser distribu\u00edda durante o evento de balan\u00e7o de dois anos de gest\u00e3o, na tentativa de mostrar que poucos governos fizeram tanto quanto o atual. Segundo&#8230; <\/p>\n<div class=\"clear\"><\/div>\n<p><a href=\"https:\/\/bbconsultoria.net\/site\/sem-desgaste-politico-dados-de-balanco-de-dois-anos-de-governo-levariam-temer-ao-segundo-turno-avaliam-assessores\/\" class=\"excerpt-read-more\">Read More<\/a><\/p>\n","protected":false},"author":4,"featured_media":0,"comment_status":"closed","ping_status":"closed","sticky":false,"template":"","format":"standard","meta":{"footnotes":""},"categories":[82],"tags":[],"class_list":["post-6243","post","type-post","status-publish","format-standard","hentry","category-noticias"],"_links":{"self":[{"href":"https:\/\/bbconsultoria.net\/site\/wp-json\/wp\/v2\/posts\/6243","targetHints":{"allow":["GET"]}}],"collection":[{"href":"https:\/\/bbconsultoria.net\/site\/wp-json\/wp\/v2\/posts"}],"about":[{"href":"https:\/\/bbconsultoria.net\/site\/wp-json\/wp\/v2\/types\/post"}],"author":[{"embeddable":true,"href":"https:\/\/bbconsultoria.net\/site\/wp-json\/wp\/v2\/users\/4"}],"replies":[{"embeddable":true,"href":"https:\/\/bbconsultoria.net\/site\/wp-json\/wp\/v2\/comments?post=6243"}],"version-history":[{"count":3,"href":"https:\/\/bbconsultoria.net\/site\/wp-json\/wp\/v2\/posts\/6243\/revisions"}],"predecessor-version":[{"id":6247,"href":"https:\/\/bbconsultoria.net\/site\/wp-json\/wp\/v2\/posts\/6243\/revisions\/6247"}],"wp:attachment":[{"href":"https:\/\/bbconsultoria.net\/site\/wp-json\/wp\/v2\/media?parent=6243"}],"wp:term":[{"taxonomy":"category","embeddable":true,"href":"https:\/\/bbconsultoria.net\/site\/wp-json\/wp\/v2\/categories?post=6243"},{"taxonomy":"post_tag","embeddable":true,"href":"https:\/\/bbconsultoria.net\/site\/wp-json\/wp\/v2\/tags?post=6243"}],"curies":[{"name":"wp","href":"https:\/\/api.w.org\/{rel}","templated":true}]}}