{"id":6236,"date":"2018-05-16T18:45:49","date_gmt":"2018-05-16T15:45:49","guid":{"rendered":"http:\/\/bbconsultoria.net\/site\/?p=6236"},"modified":"2018-05-16T18:48:45","modified_gmt":"2018-05-16T15:48:45","slug":"a-eleicao-e-a-economia","status":"publish","type":"post","link":"https:\/\/bbconsultoria.net\/site\/a-eleicao-e-a-economia\/","title":{"rendered":"A elei\u00e7\u00e3o e a economia"},"content":{"rendered":"<h4><em>Rombo or\u00e7ament\u00e1rio e pleito imprevis\u00edvel acentuam temores que podem dificultar a recupera\u00e7\u00e3o do pa\u00eds<\/em><\/h4>\n<h4><img loading=\"lazy\" decoding=\"async\" class=\"size-medium wp-image-6241 aligncenter\" src=\"http:\/\/bbconsultoria.net\/site\/wp-content\/uploads\/2018\/05\/1515092319995-281x300.jpg\" alt=\"\" width=\"281\" height=\"300\" srcset=\"https:\/\/bbconsultoria.net\/site\/wp-content\/uploads\/2018\/05\/1515092319995-281x300.jpg 281w, https:\/\/bbconsultoria.net\/site\/wp-content\/uploads\/2018\/05\/1515092319995.jpg 610w\" sizes=\"auto, (max-width: 281px) 100vw, 281px\" \/><\/h4>\n<p>D\u00f3lar se valoriza em grande parte do mundo, devido \u00e0 perspectiva de crescimento econ\u00f4mico e de alta de juros nos EUA<\/p>\n<p>Nem sempre a alta do d\u00f3lar e outros movimentos dos mercados podem ser atribu\u00eddos com precis\u00e3o a este ou aquele motivo, em particular do campo pol\u00edtico. Em ano eleitoral, contudo, tais associa\u00e7\u00f5es se tornam quase inevit\u00e1veis.<\/p>\n<p>\u00c9 fato que a moeda americana se valoriza em grande parte do mundo, devido \u00e0 perspectiva de crescimento econ\u00f4mico e de alta de juros nos EUA. Essa tend\u00eancia se manifesta de modos vari\u00e1veis entre os pa\u00edses, a depender das fragilidades e incertezas locais.<\/p>\n<p>Na Argentina, mais dependente de capital estrangeiro, os efeitos se mostraram dram\u00e1ticos. No Brasil, ainda que em grau menor, tamb\u00e9m se observa nervosismo dos investidores \u2014 e as d\u00favidas suscitadas pelo pleito presidencial s\u00e3o explica\u00e7\u00f5es recorrentes.<\/p>\n<p>J\u00e1 se cogita que tais inquieta\u00e7\u00f5es tenham consequ\u00eancias al\u00e9m da mera especula\u00e7\u00e3o financeira. Na sexta-feira (11), um documento do Fundo Monet\u00e1rio Internacional afirmou que um risco-chave para a recupera\u00e7\u00e3o da economia do pa\u00eds \u00e9 a possibilidade de mudan\u00e7a da agenda reformista ap\u00f3s a elei\u00e7\u00e3o.<\/p>\n<p>Para Henrique Meirelles (MDB), ex-ministro da Fazenda e presidenci\u00e1vel de chances at\u00e9 aqui obscuras, os efeitos negativos j\u00e1 se d\u00e3o agora: temores relacionados \u00e0 disputa pelo Planalto estariam inibindo os investimentos privados e desacelerando a retomada.<\/p>\n<p>Desconte-se o \u00f3bvio vi\u00e9s dessa tese, ao mesmo tempo desculpa conveniente para os resultados decepcionantes deste ano e ensaio de discurso de campanha. \u00c9 ineg\u00e1vel, de todo modo, que existem motivos de sobra para ang\u00fastias.<\/p>\n<p>Estes n\u00e3o se limitam \u00e0 imprevisibilidade da elei\u00e7\u00e3o e aos diferentes defeitos dos principais postulantes.<\/p>\n<p>A fragmenta\u00e7\u00e3o in\u00e9dita do quadro partid\u00e1rio nacional prenuncia um cen\u00e1rio in\u00f3spito para o pr\u00f3ximo governo \u2014ainda mais porque parece improv\u00e1vel que o presidente v\u00e1 assumir o posto embalado por uma vota\u00e7\u00e3o consagradora.<\/p>\n<p>\u00c0 sua espera haver\u00e1 o enorme rombo or\u00e7ament\u00e1rio a exigir decis\u00f5es imediatas. Levar adiante ou n\u00e3o o teto do gasto federal e a reforma da Previd\u00eancia, definir a pol\u00edtica para o sal\u00e1rio m\u00ednimo: todas as op\u00e7\u00f5es implicam custos elevados.<\/p>\n<p>N\u00e3o surpreende, pois, que os pr\u00e9-candidatos mais importantes tratem de cercar-se de economistas de boa reputa\u00e7\u00e3o ou, ao menos, de mostrar disposi\u00e7\u00e3o, real ou imagin\u00e1ria, para ajustes e negocia\u00e7\u00f5es.<\/p>\n<p>Quem pretende herdar um pa\u00eds govern\u00e1vel precisa administrar as expectativas \u2014dos mercados, de eleitores, da pol\u00edtica\u2014 desde j\u00e1.<\/p>\n<p><strong>Fonte:<\/strong> Folha<\/p>\n","protected":false},"excerpt":{"rendered":"<p>Rombo or\u00e7ament\u00e1rio e pleito imprevis\u00edvel acentuam temores que podem dificultar a recupera\u00e7\u00e3o do pa\u00eds D\u00f3lar se valoriza em grande parte do mundo, devido \u00e0 perspectiva de crescimento econ\u00f4mico e de alta de juros nos EUA Nem sempre a alta do d\u00f3lar e outros movimentos dos mercados podem ser atribu\u00eddos com precis\u00e3o a este ou aquele&#8230; <\/p>\n<div class=\"clear\"><\/div>\n<p><a href=\"https:\/\/bbconsultoria.net\/site\/a-eleicao-e-a-economia\/\" class=\"excerpt-read-more\">Read More<\/a><\/p>\n","protected":false},"author":4,"featured_media":0,"comment_status":"closed","ping_status":"closed","sticky":false,"template":"","format":"standard","meta":{"footnotes":""},"categories":[82],"tags":[],"class_list":["post-6236","post","type-post","status-publish","format-standard","hentry","category-noticias"],"_links":{"self":[{"href":"https:\/\/bbconsultoria.net\/site\/wp-json\/wp\/v2\/posts\/6236","targetHints":{"allow":["GET"]}}],"collection":[{"href":"https:\/\/bbconsultoria.net\/site\/wp-json\/wp\/v2\/posts"}],"about":[{"href":"https:\/\/bbconsultoria.net\/site\/wp-json\/wp\/v2\/types\/post"}],"author":[{"embeddable":true,"href":"https:\/\/bbconsultoria.net\/site\/wp-json\/wp\/v2\/users\/4"}],"replies":[{"embeddable":true,"href":"https:\/\/bbconsultoria.net\/site\/wp-json\/wp\/v2\/comments?post=6236"}],"version-history":[{"count":3,"href":"https:\/\/bbconsultoria.net\/site\/wp-json\/wp\/v2\/posts\/6236\/revisions"}],"predecessor-version":[{"id":6239,"href":"https:\/\/bbconsultoria.net\/site\/wp-json\/wp\/v2\/posts\/6236\/revisions\/6239"}],"wp:attachment":[{"href":"https:\/\/bbconsultoria.net\/site\/wp-json\/wp\/v2\/media?parent=6236"}],"wp:term":[{"taxonomy":"category","embeddable":true,"href":"https:\/\/bbconsultoria.net\/site\/wp-json\/wp\/v2\/categories?post=6236"},{"taxonomy":"post_tag","embeddable":true,"href":"https:\/\/bbconsultoria.net\/site\/wp-json\/wp\/v2\/tags?post=6236"}],"curies":[{"name":"wp","href":"https:\/\/api.w.org\/{rel}","templated":true}]}}