{"id":6221,"date":"2018-05-15T18:03:23","date_gmt":"2018-05-15T15:03:23","guid":{"rendered":"http:\/\/bbconsultoria.net\/site\/?p=6221"},"modified":"2018-05-15T19:11:00","modified_gmt":"2018-05-15T16:11:00","slug":"a-confederacao-nacional-do-transporte-divulgou-pesquisa-que-aborda-as-eleicoes-de-2018","status":"publish","type":"post","link":"https:\/\/bbconsultoria.net\/site\/a-confederacao-nacional-do-transporte-divulgou-pesquisa-que-aborda-as-eleicoes-de-2018\/","title":{"rendered":"A Confedera\u00e7\u00e3o Nacional do Transporte divulgou pesquisa que aborda as elei\u00e7\u00f5es de 2018."},"content":{"rendered":"<h4><em>Leia aqui um resumo dos resultados e, em seguida, a an\u00e1lise da BB Consultoria.<\/em><\/h4>\n<p><img loading=\"lazy\" decoding=\"async\" class=\"wp-image-6232 aligncenter\" src=\"http:\/\/bbconsultoria.net\/site\/wp-content\/uploads\/2018\/05\/cnt-300x74.png\" alt=\"\" width=\"474\" height=\"117\" srcset=\"https:\/\/bbconsultoria.net\/site\/wp-content\/uploads\/2018\/05\/cnt-300x74.png 300w, https:\/\/bbconsultoria.net\/site\/wp-content\/uploads\/2018\/05\/cnt-768x190.png 768w, https:\/\/bbconsultoria.net\/site\/wp-content\/uploads\/2018\/05\/cnt.png 976w\" sizes=\"auto, (max-width: 474px) 100vw, 474px\" \/><\/p>\n<p><strong>Resultados da 136\u00aa Pesquisa CNT\/MDA<\/strong><\/p>\n<p>Levantamento foi realizado entre 9 e 12 de maio e registrado no TSE sob o n\u00famero 09430\/2018<\/p>\n<p>A 136\u00aa Pesquisa CNT\/MDA, realizada de 9 a 12 de maio de 2018 e divulgada pela CNT (Confedera\u00e7\u00e3o Nacional do Transporte) no dia 14 de maio, aborda as elei\u00e7\u00f5es de 2018, trazendo as prefer\u00eancias eleitorais dos entrevistados em cen\u00e1rios de primeiro e segundo turnos de vota\u00e7\u00e3o. O levantamento tamb\u00e9m apresenta as caracter\u00edsticas ideais dos candidatos na opini\u00e3o dos entrevistados, al\u00e9m do seu potencial de voto.<\/p>\n<p>A pesquisa ainda trata de temas como a pris\u00e3o do ex-presidente Luiz In\u00e1cio Lula da Silva; a Justi\u00e7a no Brasil; a confian\u00e7a nas institui\u00e7\u00f5es; fake news e a Copa do Mundo. Traz, al\u00e9m disso, avalia\u00e7\u00f5es do governo federal e do desempenho pessoal do presidente Michel Temer e avalia\u00e7\u00f5es dos governos estaduais e municipais.<\/p>\n<p>Foram ouvidas 2.002 pessoas, em 137 munic\u00edpios de 25 Unidades Federativas, das cinco regi\u00f5es. A margem de erro \u00e9 de 2,2 pontos percentuais com 95% de n\u00edvel de confian\u00e7a. A pesquisa est\u00e1 registrada no TSE (Tribunal Superior Eleitoral), com o n\u00famero BR-09430\/2018.<\/p>\n<p><strong>Elei\u00e7\u00e3o presidencial 2018<\/strong><\/p>\n<p><strong>1\u00ba turno:<\/strong> Inten\u00e7\u00e3o de voto ESPONT\u00c2NEA<\/p>\n<p>Lula: 18,6%<br \/>\nJair Bolsonaro: 12,4%<br \/>\nCiro Gomes: 1,7%<br \/>\nMarina Silva: 1,3%<br \/>\nGeraldo Alckmin: 1,2%<br \/>\nJoaquim Barbosa: 1,0%<br \/>\n\u00c1lvaro Dias: 0,9%<br \/>\nOutros: 1,8%<br \/>\nBranco\/Nulo: 21,4%<br \/>\nIndecisos: 39,6%<\/p>\n<p><strong>1\u00ba turno:<\/strong> Inten\u00e7\u00e3o de voto ESTIMULADA<\/p>\n<p><strong>CEN\u00c1RIO 1:<\/strong> Lula 32,4%, Jair Bolsonaro 16,7%, Marina Silva 7,6%,<br \/>\nCiro Gomes 5,4%, Geraldo Alckmin 4,0%, \u00c1lvaro Dias 2,5%, Fernando Collor 0,9%, Michel Temer 0,9%, Guilherme Boulos 0,5%, Manuela D\u00b4\u00c1vila 0,5%, Jo\u00e3o Amo\u00eado 0,4%, Fl\u00e1vio Rocha 0,4%, Henrique Meirelles 0,3%, Rodrigo Maia 0,2%, Paulo Rabello de Castro 0,1%, Branco\/Nulo 18,0%, Indecisos 8,7%.<\/p>\n<p><strong>CEN\u00c1RIO 2:<\/strong> Jair Bolsonaro 18,3%, Marina Silva 11,2%, Ciro Gomes 9,0%, Geraldo Alckmin 5,3%, \u00c1lvaro Dias 3,0%, Fernando Haddad 2,3%, Fernando Collor 1,4%, Manuela D\u00b4\u00c1vila 0,9%, Guilherme Boulos 0,6%, Jo\u00e3o Amo\u00eado 0,6%, Henrique Meirelles 0,5%, Fl\u00e1vio Rocha 0,4%, Rodrigo Maia 0,4%, Paulo Rabello de Castro 0,1%, Branco\/Nulo 29,6%, Indecisos 16,1%.<\/p>\n<p><strong>CEN\u00c1RIO 3:<\/strong> Jair Bolsonaro 19,7%, Marina Silva 15,1%, Ciro Gomes 11,1%, Geraldo Alckmin 8,1%, Fernando Haddad 3,8%, Branco\/Nulo 30,1%, Indecisos 12,1%.<\/p>\n<p><strong>CEN\u00c1RIO 4:<\/strong> Jair Bolsonaro 20,7%, Marina Silva 16,4%, Ciro Gomes 12,0%, Fernando Haddad 4,4%, Henrique Meirelles 1,4%, Branco\/Nulo 31,7%, Indecisos 13,4%.<\/p>\n<p><strong>2\u00ba turno:<\/strong> Inten\u00e7\u00e3o de voto ESTIMULADA<\/p>\n<p><strong>CEN\u00c1RIO 1:<\/strong> Lula 44,9%, Geraldo Alckmin 19,6%, Branco\/Nulo: 30,0%, Indecisos: 5,5%.<br \/>\n<strong>CEN\u00c1RIO 2:<\/strong> Lula 45,7%, Jair Bolsonaro 25,9%, Branco\/Nulo: 23,3%, Indecisos: 5,1%.<br \/>\n<strong>CEN\u00c1RIO 3:<\/strong> Lula 47,1%, Henrique Meirelles 13,3%, Branco\/Nulo: 33,0%, Indecisos: 6,6%.<br \/>\n<strong>CEN\u00c1RIO 4:<\/strong> Lula 44,4%, Marina Silva 21,0%, Branco\/Nulo: 29,3%,Indecisos: 5,3%.<br \/>\n<strong>CEN\u00c1RIO 5:<\/strong> Lula 49,0%, Michel Temer 8,3%, Branco\/Nulo: 37,3%, Indecisos: 5,4%.<br \/>\n<strong>CEN\u00c1RIO 6:<\/strong> Jair Bolsonaro 28,2%, Ciro Gomes 24,2%, Branco\/Nulo: 37,8%, Indecisos: 9,8%.<br \/>\n<strong>CEN\u00c1RIO 7:<\/strong> Jair Bolsonaro 27,8%, Geraldo Alckmin 20,2%, Branco\/Nulo: 42,5%, Indecisos: 9,5%.<br \/>\n<strong>CEN\u00c1RIO 8:<\/strong> Jair Bolsonaro 31,5%, Fernando Haddad 14,0%, Branco\/Nulo: 43,4%, Indecisos: 11,1%.<br \/>\n<strong>CEN\u00c1RIO 9:<\/strong> Jair Bolsonaro 30,8%, Henrique Meirelles 11,7%, Branco\/Nulo: 46,3%, Indecisos: 11,2%.<br \/>\n<strong>CEN\u00c1RIO 10:<\/strong> Marina Silva 27,2%, Jair Bolsonaro 27,2%, Branco\/Nulo: 37,8%, Indecisos: 7,8%.<br \/>\n<strong>CEN\u00c1RIO 11:<\/strong> Jair Bolsonaro 34,7%, Michel Temer 5,3%, Branco\/Nulo: 49,5%, Indecisos: 10,5%.<br \/>\n<strong>CEN\u00c1RIO 12:<\/strong> Ciro Gomes 20,9%, Geraldo Alckmin 20,4%, Branco\/Nulo: 48,1%, Indecisos: 10,6%.<br \/>\n<strong>CEN\u00c1RIO 13:<\/strong> Geraldo Alckmin 25,0%, Fernando Haddad 10,0%, Branco\/Nulo: 53,2%, Indecisos: 11,8%.<br \/>\n<strong>CEN\u00c1RIO 14:<\/strong> Marina Silva 26,6%, Geraldo Alckmin 18,9%, Branco\/Nulo: 46,0%, Indecisos: 8,5%.<br \/>\n<strong>CEN\u00c1RIO 15:<\/strong> Ciro Gomes 25,7%, Henrique Meirelles 9,0%, Branco\/Nulo: 52,6%, Indecisos: 12,7%.<br \/>\n<strong>CEN\u00c1RIO 16:<\/strong> Ciro Gomes 30,4%, Michel Temer 5,6%, Branco\/Nulo: 52,9%, Indecisos: 11,1%.<\/p>\n<p><strong>LIMITE DE VOTO \u2013 PRESID\u00caNCIA DA REP\u00daBLICA<\/strong><\/p>\n<p><strong>CIRO GOMES:<\/strong> \u00e9 o \u00fanico em que votaria (2,9%); \u00e9 um candidato em que poderia votar (31,7%); n\u00e3o votaria nele de jeito nenhum (46,4%); n\u00e3o conhece\/n\u00e3o sabe quem \u00e9\/ nunca ouviu falar (15,3%).<\/p>\n<p><strong>FERNANDO HADDAD:<\/strong> \u00e9 o \u00fanico em que votaria (0,9%); \u00e9 um candidato em que poderia votar (15,7%); n\u00e3o votaria nele de jeito nenhum (46,1%); n\u00e3o conhece\/n\u00e3o sabe quem \u00e9\/ nunca ouviu falar (34,1%).<\/p>\n<p><strong>GERALDO ALCKMIN:<\/strong> \u00e9 o \u00fanico em que votaria (1,6%); \u00e9 um candidato em que poderia votar (30,3%); n\u00e3o votaria nele de jeito nenhum (55,9%); n\u00e3o conhece\/n\u00e3o sabe quem \u00e9\/ nunca ouviu falar (8,4%).<\/p>\n<p><strong>HENRIQUE MEIRELLES:<\/strong> \u00e9 o \u00fanico em que votaria (0,2%); \u00e9 um candidato em que poderia votar (14,1%); n\u00e3o votaria nele de jeito nenhum (48,8%); n\u00e3o conhece\/n\u00e3o sabe quem \u00e9\/ nunca ouviu falar (33,5%).<\/p>\n<p><strong>JAIR BOLSONARO:<\/strong> \u00e9 o \u00fanico em que votaria (13,1%); \u00e9 um candidato em que poderia votar (22,1%); n\u00e3o votaria nele de jeito nenhum (52,8%); n\u00e3o conhece\/n\u00e3o sabe quem \u00e9\/ nunca ouviu falar (9,3%).<\/p>\n<p><strong>LULA:<\/strong> \u00e9 o \u00fanico em que votaria (25,6%); \u00e9 um candidato em que poderia votar (25,0%); n\u00e3o votaria nele de jeito nenhum (46,8%); n\u00e3o conhece\/n\u00e3o sabe quem \u00e9\/ nunca ouviu falar (0,6%).<\/p>\n<p><strong>MARINA SILVA:<\/strong> \u00e9 o \u00fanico em que votaria (4,5%); \u00e9 um candidato em que poderia votar (33,1%); n\u00e3o votaria nele de jeito nenhum (56,5%); n\u00e3o conhece\/n\u00e3o sabe quem \u00e9\/ nunca ouviu falar (2,9%).<\/p>\n<p><strong>MICHEL TEMER:<\/strong> \u00e9 o \u00fanico em que votaria (0,3%); \u00e9 um candidato em que poderia votar (7,8%); n\u00e3o votaria nele de jeito nenhum (87,8%); n\u00e3o conhece\/n\u00e3o sabe quem \u00e9\/ nunca ouviu falar (1,6%).<\/p>\n<p><strong>RODRIGO MAIA:<\/strong> \u00e9 o \u00fanico em que votaria (0,1%); \u00e9 um candidato em que poderia votar (7,0%); n\u00e3o votaria nele de jeito nenhum (55,6%); n\u00e3o conhece\/n\u00e3o sabe quem \u00e9\/ nunca ouviu falar (34,2%).<\/p>\n<p><strong>CARACTER\u00cdSTICAS DO CANDIDATO<\/strong><br \/>\nPara 65,6% dos entrevistados, a honestidade do candidato a presidente da Rep\u00fablica ser\u00e1 o principal fator levado em considera\u00e7\u00e3o; 47,7% considerar\u00e3o novas propostas para o Brasil; 26,4%, a trajet\u00f3ria de vida; 12,1% considerar\u00e3o se o candidato \u00e9 novo no meio pol\u00edtico; 5,9% o partido pol\u00edtico ao qual o candidato pertence; 3,4% se ele \u00e9 do meio empresarial.<\/p>\n<p><strong>CONDENA\u00c7\u00c3O DO EX-PRESIDENTE LULA<\/strong><\/p>\n<ul>\n<li>51,0% consideram que a pris\u00e3o do ex-presidente Lula \u00e9 justa.<\/li>\n<li>49,9% n\u00e3o acreditam que o ex-presidente Lula disputar\u00e1 as elei\u00e7\u00f5es, ap\u00f3s ter sido condenado na 2\u00aa inst\u00e2ncia, enquanto que 40,8% acreditam que o ex-presidente Lula disputar\u00e1 as elei\u00e7\u00f5es, mesmo ap\u00f3s ter sido condenado na 2\u00aa inst\u00e2ncia.<\/li>\n<\/ul>\n<div class=\"gdlr-stunning-text-ux gdlr-ux\"><div class=\"gdlr-stunning-text-item type-normal with-padding \" style=\"background-color:#f3f3f3;\" ><h2 class=\"stunning-text-title\" style=\"color: #000000\" ><strong>AN\u00c1LISE BB<\/strong><\/h2><div class=\"stunning-text-caption\" style=\"color: #a0a0a0\" >\r\nCausou espanto a alguns que o Lula, mesmo preso h\u00e1 um m\u00eas, continue intoc\u00e1vel no seu prest\u00edgio eleitoral. At\u00e9 porque dados conflitantes da pesquisa, lendo de uma maneira superficial, indicam que para 60% da popula\u00e7\u00e3o brasileira o fator determinante para a escolha do seu candidato ser\u00e1 a sua honestidade.\r\n\r\nEnquanto no segundo turno, desses 60, 40% indicam que votariam no Lula. Mas o que vem acontecendo \u00e9 que a absoluta destrui\u00e7\u00e3o da pol\u00edtica, por conta da Lava Jato, regula a todos por baixo.\r\n\r\nTodos passaram a ser bandidos e desonestos. Pol\u00edtico passou a ser sin\u00f4nimo de desonestidade.\r\n\r\nDentro dessa l\u00f3gica, o recall que as pessoas mais pobres t\u00eam do governo Lula leva a um pensamento mais pragm\u00e1tico: j\u00e1 que todos s\u00e3o ladr\u00f5es, vou votar no que me fez viver melhor durante os anos em que governou.<\/div><\/div><\/div>\n","protected":false},"excerpt":{"rendered":"<p>Leia aqui um resumo dos resultados e, em seguida, a an\u00e1lise da BB Consultoria. Resultados da 136\u00aa Pesquisa CNT\/MDA Levantamento foi realizado entre 9 e 12 de maio e registrado no TSE sob o n\u00famero 09430\/2018 A 136\u00aa Pesquisa CNT\/MDA, realizada de 9 a 12 de maio de 2018 e divulgada pela CNT (Confedera\u00e7\u00e3o Nacional&#8230; <\/p>\n<div class=\"clear\"><\/div>\n<p><a href=\"https:\/\/bbconsultoria.net\/site\/a-confederacao-nacional-do-transporte-divulgou-pesquisa-que-aborda-as-eleicoes-de-2018\/\" class=\"excerpt-read-more\">Read More<\/a><\/p>\n","protected":false},"author":1,"featured_media":0,"comment_status":"closed","ping_status":"closed","sticky":false,"template":"","format":"standard","meta":{"footnotes":""},"categories":[82],"tags":[],"class_list":["post-6221","post","type-post","status-publish","format-standard","hentry","category-noticias"],"_links":{"self":[{"href":"https:\/\/bbconsultoria.net\/site\/wp-json\/wp\/v2\/posts\/6221","targetHints":{"allow":["GET"]}}],"collection":[{"href":"https:\/\/bbconsultoria.net\/site\/wp-json\/wp\/v2\/posts"}],"about":[{"href":"https:\/\/bbconsultoria.net\/site\/wp-json\/wp\/v2\/types\/post"}],"author":[{"embeddable":true,"href":"https:\/\/bbconsultoria.net\/site\/wp-json\/wp\/v2\/users\/1"}],"replies":[{"embeddable":true,"href":"https:\/\/bbconsultoria.net\/site\/wp-json\/wp\/v2\/comments?post=6221"}],"version-history":[{"count":9,"href":"https:\/\/bbconsultoria.net\/site\/wp-json\/wp\/v2\/posts\/6221\/revisions"}],"predecessor-version":[{"id":6233,"href":"https:\/\/bbconsultoria.net\/site\/wp-json\/wp\/v2\/posts\/6221\/revisions\/6233"}],"wp:attachment":[{"href":"https:\/\/bbconsultoria.net\/site\/wp-json\/wp\/v2\/media?parent=6221"}],"wp:term":[{"taxonomy":"category","embeddable":true,"href":"https:\/\/bbconsultoria.net\/site\/wp-json\/wp\/v2\/categories?post=6221"},{"taxonomy":"post_tag","embeddable":true,"href":"https:\/\/bbconsultoria.net\/site\/wp-json\/wp\/v2\/tags?post=6221"}],"curies":[{"name":"wp","href":"https:\/\/api.w.org\/{rel}","templated":true}]}}