{"id":6219,"date":"2018-05-15T17:48:50","date_gmt":"2018-05-15T14:48:50","guid":{"rendered":"http:\/\/bbconsultoria.net\/site\/?p=6219"},"modified":"2018-05-15T17:48:50","modified_gmt":"2018-05-15T14:48:50","slug":"1-em-cada-3-pre-candidatos-a-presidencia-desiste-nos-6-meses-anteriores-a-eleicao","status":"publish","type":"post","link":"https:\/\/bbconsultoria.net\/site\/1-em-cada-3-pre-candidatos-a-presidencia-desiste-nos-6-meses-anteriores-a-eleicao\/","title":{"rendered":"1 em cada 3 pr\u00e9-candidatos \u00e0 Presid\u00eancia desiste nos 6 meses anteriores \u00e0 elei\u00e7\u00e3o"},"content":{"rendered":"<h4><em>S\u00e9rie hist\u00f3rica do Datafolha em pleitos anteriores mostra que Huck e Barbosa, ao abrirem m\u00e3o de disputa, est\u00e3o seguindo padr\u00e3o rotineiro<\/em><\/h4>\n<p>A desist\u00eancia de nomes bem colocados em pesquisas eleitorais para a sucess\u00e3o presidencial, como Luciano Huck e Joaquim Barbosa, causa surpresa, mas n\u00e3o \u00e9 um fen\u00f4meno at\u00edpico nas elei\u00e7\u00f5es brasileiras nas \u00faltimas tr\u00eas d\u00e9cadas.<\/p>\n<p>Como mostra a s\u00e9rie hist\u00f3rica do Datafolha, desde a redemocratiza\u00e7\u00e3o, em m\u00e9dia um ter\u00e7o dos principais cotados ao Pal\u00e1cio do Planalto abriu m\u00e3o da candidatura nos seis meses que antecedem a elei\u00e7\u00e3o.<br \/>\nO &#8220;efeito peneira&#8221; deve-se \u00e0 falta de respaldo eleitoral, problemas de sa\u00fade ou familiar, apoio a outras candidaturas ou derrota em disputas internas. Isso sem contar as candidaturas lan\u00e7adas apenas para aumentar o valor do passe de partidos medianos.<\/p>\n<p>Neste ano, se confirmado o retrospecto eleitoral, o processo se repetir\u00e1 com um afunilamento das candidaturas. Atualmente, segundo pesquisa feita em abril, h\u00e1 18 nomes que se identificam como pr\u00e9-candidatos presidenciais.<\/p>\n<p>A tend\u00eancia \u00e9 de que ocorram baixas como as poss\u00edveis desist\u00eancias de Michel Temer (MDB), Rodrigo Maia (DEM) e Guilherme Afif Domingos (PSD), por exemplo.<\/p>\n<p>Na semana passada, Barbosa (PSB) anunciou por uma rede social que n\u00e3o disputaria a elei\u00e7\u00e3o, alegando &#8220;decis\u00e3o estritamente pessoal&#8221;.<\/p>\n<p>Ainda no final de 2017, Huck, assediado por siglas como PPS e DEM, disse que um dos fatores para n\u00e3o encarar a disputa foi a viol\u00eancia do escrut\u00ednio p\u00fablico.<\/p>\n<p>A maior parcela de recuos na s\u00e9rie hist\u00f3rica ocorreu em 2002, quando metade dos cotados no in\u00edcio de abril daquele ano acabou n\u00e3o saindo candidato. A menor parcela foi em 1998, quando apenas Levy Fidelix, do PRTB, n\u00e3o participou, ao fim, da disputa eleitoral.<\/p>\n<p>Em 2002, surgiram nas pesquisas, mas n\u00e3o foram candidatos, Roseana Sarney, Itamar Franco e Tasso Jereissatti. Ent\u00e3o no PFL, a filha do ex-presidente Jos\u00e9 Sarney saiu do p\u00e1reo em abril daquele ano ap\u00f3s a\u00e7\u00e3o da Pol\u00edcia Federal em uma empresa de sua propriedade.<\/p>\n<p>Sob press\u00e3o de seus partidos, Itamar (PMDB) e Jereissati (PSDB) abriram m\u00e3o do processo. Eles apoiaram, respectivamente, as candidaturas de Jos\u00e9 Serra, do PSDB, e de Ciro Gomes, ent\u00e3o do PPS.<\/p>\n<p>Na elei\u00e7\u00e3o seguinte, Anthony Garotinho, ent\u00e3o no PMDB, n\u00e3o chegou \u00e0s urnas, apesar de figurar em terceiro lugar no Datafolha em abril de 2006. A ala governista do partido, liderada por Michel Temer, conseguiu rif\u00e1-lo para apoiar a reelei\u00e7\u00e3o de Luiz In\u00e1cio Lula da Silva (PT).<\/p>\n<p>Em 2010, o PSB desistiu, em abril daquele ano, de lan\u00e7ar a candidatura pr\u00f3pria de Ciro Gomes, para apoiar Dilma Rousseff (PT). Ele figurava, na \u00e9poca, em quarto lugar na pesquisa eleitoral. A decis\u00e3o facilitou apoios estaduais do PT a candidatos do PSB, sobretudo no Nordeste.<\/p>\n<p>Neste ano, com uma campanha mais curta, j\u00e1 que come\u00e7a apenas em agosto, as alian\u00e7as devem se formar mais tarde e candidaturas invi\u00e1veis se arrastar\u00e3o por mais tempo, mesmo consumindo recursos dos partidos.<\/p>\n<p>O DEM, por exemplo, estima gastar entre R$ 1 milh\u00e3o e R$ 1,5 milh\u00e3o na pr\u00e9-campanha de Rodrigo Maia (RJ), que patina no 1% de inten\u00e7\u00f5es de voto no Datafolha.<\/p>\n<p>Al\u00e9m de fazer palanque para candidatos da legenda pelo pa\u00eds, Maia busca fortalecer seu nome para tentar se reeleger presidente da C\u00e2mara no ano que vem e aumenta o capital pol\u00edtico do Democratas para barganhar espa\u00e7o numa chapa mais vi\u00e1vel.<\/p>\n<p>O presidente da legenda, ACM Neto (BA), mant\u00e9m o discurso oficial de que Maia pode crescer nas pesquisas.<\/p>\n<p>&#8220;Investimos porque temos confian\u00e7a na viabilidade da candidatura dele, assim como \u00e9 o principal vocalizador da mensagem do partido&#8221;, afirma Neto.<\/p>\n<p>\u00danico pr\u00e9-candidato disposto a defender a gest\u00e3o Michel Temer \u2014al\u00e9m do pr\u00f3prio presidente, claro\u2014, Henrique Meirelles (MDB) tem feito campanha com recursos pr\u00f3prios. Ele diz n\u00e3o saber o quanto j\u00e1 gastou com viagens e montagem de equipe de comunica\u00e7\u00e3o.<\/p>\n<p>Foi justamente por poder se autofinanciar que o ex-ministro da Fazenda conquistou o comando do partido e conseguiu se colocar como pr\u00e9-candidato.<\/p>\n<p>&#8220;Tenho uma pr\u00e9-candidatura visando ser o candidato do MDB e ganhar a elei\u00e7\u00e3o. S\u00f3 isso&#8221;, diz Meirelles, que, n\u00e3o conseguindo chegar ao Pal\u00e1cio do Planalto, quer voltar \u00e0 iniciativa privada.<\/p>\n<p>Presidente do Novo, Mois\u00e9s Jardim diz que o investimento do partido \u00e9 de R$ 70 mil a R$ 80 mil por m\u00eas, n\u00e3o apenas na pr\u00e9-candidatura presidencial de Jo\u00e3o Amoedo, mas na divulga\u00e7\u00e3o da legenda, principalmente por redes sociais.<\/p>\n<p>&#8220;A ideia \u00e9 ir at\u00e9 o fim at\u00e9 porque entendemos que esta candidatura \u00e0 Presid\u00eancia da Rep\u00fablica tem relev\u00e2ncia muito grande por personificar nossas ideias. Ela nos ajuda tamb\u00e9m num outro plano que temos, que \u00e9 eleger uma bancada de deputados&#8221;, diz Jardim.<\/p>\n<p>Campanhas se afunilam com a proximidade da elei\u00e7\u00e3o<\/p>\n<p>Em m\u00e9dia, um ter\u00e7o dos pr\u00e9-candidatos \u00e0 sucess\u00e3o presidencial cotados nas pesquisas eleitorais deixa a disputa ao longo dos seis meses que antecedem a elei\u00e7\u00e3o nacional<\/p>\n<p>&nbsp;<\/p>\n<p><strong>Fonte:<\/strong> Folha<\/p>\n","protected":false},"excerpt":{"rendered":"<p>S\u00e9rie hist\u00f3rica do Datafolha em pleitos anteriores mostra que Huck e Barbosa, ao abrirem m\u00e3o de disputa, est\u00e3o seguindo padr\u00e3o rotineiro A desist\u00eancia de nomes bem colocados em pesquisas eleitorais para a sucess\u00e3o presidencial, como Luciano Huck e Joaquim Barbosa, causa surpresa, mas n\u00e3o \u00e9 um fen\u00f4meno at\u00edpico nas elei\u00e7\u00f5es brasileiras nas \u00faltimas tr\u00eas d\u00e9cadas&#8230;. <\/p>\n<div class=\"clear\"><\/div>\n<p><a href=\"https:\/\/bbconsultoria.net\/site\/1-em-cada-3-pre-candidatos-a-presidencia-desiste-nos-6-meses-anteriores-a-eleicao\/\" class=\"excerpt-read-more\">Read More<\/a><\/p>\n","protected":false},"author":1,"featured_media":0,"comment_status":"closed","ping_status":"closed","sticky":false,"template":"","format":"standard","meta":{"footnotes":""},"categories":[82],"tags":[],"class_list":["post-6219","post","type-post","status-publish","format-standard","hentry","category-noticias"],"_links":{"self":[{"href":"https:\/\/bbconsultoria.net\/site\/wp-json\/wp\/v2\/posts\/6219","targetHints":{"allow":["GET"]}}],"collection":[{"href":"https:\/\/bbconsultoria.net\/site\/wp-json\/wp\/v2\/posts"}],"about":[{"href":"https:\/\/bbconsultoria.net\/site\/wp-json\/wp\/v2\/types\/post"}],"author":[{"embeddable":true,"href":"https:\/\/bbconsultoria.net\/site\/wp-json\/wp\/v2\/users\/1"}],"replies":[{"embeddable":true,"href":"https:\/\/bbconsultoria.net\/site\/wp-json\/wp\/v2\/comments?post=6219"}],"version-history":[{"count":1,"href":"https:\/\/bbconsultoria.net\/site\/wp-json\/wp\/v2\/posts\/6219\/revisions"}],"predecessor-version":[{"id":6220,"href":"https:\/\/bbconsultoria.net\/site\/wp-json\/wp\/v2\/posts\/6219\/revisions\/6220"}],"wp:attachment":[{"href":"https:\/\/bbconsultoria.net\/site\/wp-json\/wp\/v2\/media?parent=6219"}],"wp:term":[{"taxonomy":"category","embeddable":true,"href":"https:\/\/bbconsultoria.net\/site\/wp-json\/wp\/v2\/categories?post=6219"},{"taxonomy":"post_tag","embeddable":true,"href":"https:\/\/bbconsultoria.net\/site\/wp-json\/wp\/v2\/tags?post=6219"}],"curies":[{"name":"wp","href":"https:\/\/api.w.org\/{rel}","templated":true}]}}