{"id":6196,"date":"2018-05-14T17:31:15","date_gmt":"2018-05-14T14:31:15","guid":{"rendered":"http:\/\/bbconsultoria.net\/site\/?p=6196"},"modified":"2018-05-14T21:32:00","modified_gmt":"2018-05-14T18:32:00","slug":"a-semana-comeca-com-algumas-definicoes-importantes-2","status":"publish","type":"post","link":"https:\/\/bbconsultoria.net\/site\/a-semana-comeca-com-algumas-definicoes-importantes-2\/","title":{"rendered":"A semana come\u00e7a com algumas defini\u00e7\u00f5es importantes"},"content":{"rendered":"<p><img loading=\"lazy\" decoding=\"async\" class=\"wp-image-6206 aligncenter\" src=\"http:\/\/bbconsultoria.net\/site\/wp-content\/uploads\/2018\/05\/o-que-\u00e9-cultura-organizacional-conceito-300x146.png\" alt=\"\" width=\"651\" height=\"317\" srcset=\"https:\/\/bbconsultoria.net\/site\/wp-content\/uploads\/2018\/05\/o-que-\u00e9-cultura-organizacional-conceito-300x146.png 300w, https:\/\/bbconsultoria.net\/site\/wp-content\/uploads\/2018\/05\/o-que-\u00e9-cultura-organizacional-conceito.png 648w\" sizes=\"auto, (max-width: 651px) 100vw, 651px\" \/><\/p>\n<p>A desist\u00eancia do ex-ministro do Supremo Tribunal Federal (STF) Joaquim Barbosa de concorrer \u00e0 Presid\u00eancia da Rep\u00fablica pelo PSB facilita uma melhor vis\u00e3o do quadro e come\u00e7a a acelerar as composi\u00e7\u00f5es partid\u00e1rias.<\/p>\n<p>Provavelmente, teremos nos pr\u00f3ximos dias a desist\u00eancia da candidatura do Michel Temer, que j\u00e1 naufragou, e do Rodrigo Maia. E, provavelmente, uma aglutina\u00e7\u00e3o de boa parte desses partidos de Centro em torno da candidatura de Geraldo Alckmin que, a pesar de n\u00e3o ter decolado, \u00e9 o \u00fanico candidato vi\u00e1vel nesse campo.<\/p>\n<p>A grande indefini\u00e7\u00e3o permanece no campo da Esquerda, que n\u00e3o decidiu, ainda, o que vai fazer, insiste em manter a candidatura do Lula. \u00c9 \u00f3bvio que vai chegar um momento em que isso n\u00e3o vai poder ser levado at\u00e9 o final, mas se o PT partir para apoiar um candidato, se for o Ciro Gomes, que tem conversado com alguma cabe\u00e7as do partido, passa a ter real chance de estar no segundo turno.<\/p>\n<p>No Estado&#8230;<\/p>\n<p>A n\u00edvel estadual tivemos uma decis\u00e3o importante do Tribunal Superior Eleitoral liberando a candidatura do Eduardo Paes e Pedro Paulo.<\/p>\n<p>Paes e Pedro Paulo estavam ineleg\u00edveis desde o fim do ano passado acusados de usar o Plano Estrat\u00e9gico pago pela prefeitura como plano de governo da campanha eleitoral de Pedro Paulo, que concorreu ao cargo de prefeito em 2016.<\/p>\n<p>Os direitos pol\u00edticos do ex-prefeito do Rio e do deputado federal, ambos do partido Democratas, foram devolvidos em decis\u00e3o liminar (provis\u00f3ria) do ministro Jorge Mussi, do Tribunal Superior Eleitoral na quinta-feira (10).<\/p>\n<p>Isso os coloca no jogo, mas h\u00e1 que se esperar um pouco para ver se o Eduardo vai at\u00e9 o fim com a sua candidatura.<\/p>\n<p>Parece que com essa quantidade de candidatos com voto mais ao Centro, principalmente, com o \u00cdndio da Costa na disputa, pode ser que o ex-prefeito recue.<\/p>\n","protected":false},"excerpt":{"rendered":"<p>A desist\u00eancia do ex-ministro do Supremo Tribunal Federal (STF) Joaquim Barbosa de concorrer \u00e0 Presid\u00eancia da Rep\u00fablica pelo PSB facilita uma melhor vis\u00e3o do quadro e come\u00e7a a acelerar as composi\u00e7\u00f5es partid\u00e1rias. Provavelmente, teremos nos pr\u00f3ximos dias a desist\u00eancia da candidatura do Michel Temer, que j\u00e1 naufragou, e do Rodrigo Maia. E, provavelmente, uma aglutina\u00e7\u00e3o&#8230; <\/p>\n<div class=\"clear\"><\/div>\n<p><a href=\"https:\/\/bbconsultoria.net\/site\/a-semana-comeca-com-algumas-definicoes-importantes-2\/\" class=\"excerpt-read-more\">Read More<\/a><\/p>\n","protected":false},"author":1,"featured_media":0,"comment_status":"closed","ping_status":"closed","sticky":false,"template":"","format":"standard","meta":{"footnotes":""},"categories":[82],"tags":[],"class_list":["post-6196","post","type-post","status-publish","format-standard","hentry","category-noticias"],"_links":{"self":[{"href":"https:\/\/bbconsultoria.net\/site\/wp-json\/wp\/v2\/posts\/6196","targetHints":{"allow":["GET"]}}],"collection":[{"href":"https:\/\/bbconsultoria.net\/site\/wp-json\/wp\/v2\/posts"}],"about":[{"href":"https:\/\/bbconsultoria.net\/site\/wp-json\/wp\/v2\/types\/post"}],"author":[{"embeddable":true,"href":"https:\/\/bbconsultoria.net\/site\/wp-json\/wp\/v2\/users\/1"}],"replies":[{"embeddable":true,"href":"https:\/\/bbconsultoria.net\/site\/wp-json\/wp\/v2\/comments?post=6196"}],"version-history":[{"count":2,"href":"https:\/\/bbconsultoria.net\/site\/wp-json\/wp\/v2\/posts\/6196\/revisions"}],"predecessor-version":[{"id":6208,"href":"https:\/\/bbconsultoria.net\/site\/wp-json\/wp\/v2\/posts\/6196\/revisions\/6208"}],"wp:attachment":[{"href":"https:\/\/bbconsultoria.net\/site\/wp-json\/wp\/v2\/media?parent=6196"}],"wp:term":[{"taxonomy":"category","embeddable":true,"href":"https:\/\/bbconsultoria.net\/site\/wp-json\/wp\/v2\/categories?post=6196"},{"taxonomy":"post_tag","embeddable":true,"href":"https:\/\/bbconsultoria.net\/site\/wp-json\/wp\/v2\/tags?post=6196"}],"curies":[{"name":"wp","href":"https:\/\/api.w.org\/{rel}","templated":true}]}}