{"id":6189,"date":"2018-05-10T17:27:22","date_gmt":"2018-05-10T14:27:22","guid":{"rendered":"http:\/\/bbconsultoria.net\/site\/?p=6189"},"modified":"2018-05-14T21:40:30","modified_gmt":"2018-05-14T18:40:30","slug":"pressao-na-camara-tenta-mudar-pec-e-estabelecer-a-restricao-do-foro-privilegiado-em-vez-da-extincao","status":"publish","type":"post","link":"https:\/\/bbconsultoria.net\/site\/pressao-na-camara-tenta-mudar-pec-e-estabelecer-a-restricao-do-foro-privilegiado-em-vez-da-extincao\/","title":{"rendered":"Press\u00e3o na C\u00e2mara tenta mudar PEC e estabelecer a restri\u00e7\u00e3o do foro privilegiado, em vez da extin\u00e7\u00e3o"},"content":{"rendered":"<h4>Deputados iniciaram um movimento que pode modificar o conte\u00fado da proposta de emenda \u00e0 Constitui\u00e7\u00e3o (PEC) que restringe o foro privilegiado.<\/h4>\n<p><img loading=\"lazy\" decoding=\"async\" class=\"alignnone wp-image-6211\" src=\"http:\/\/bbconsultoria.net\/site\/wp-content\/uploads\/2018\/05\/naom_59ef65a6ab83e-300x169.jpg\" alt=\"\" width=\"762\" height=\"429\" srcset=\"https:\/\/bbconsultoria.net\/site\/wp-content\/uploads\/2018\/05\/naom_59ef65a6ab83e-300x169.jpg 300w, https:\/\/bbconsultoria.net\/site\/wp-content\/uploads\/2018\/05\/naom_59ef65a6ab83e-768x432.jpg 768w, https:\/\/bbconsultoria.net\/site\/wp-content\/uploads\/2018\/05\/naom_59ef65a6ab83e-1024x576.jpg 1024w, https:\/\/bbconsultoria.net\/site\/wp-content\/uploads\/2018\/05\/naom_59ef65a6ab83e.jpg 1920w\" sizes=\"auto, (max-width: 762px) 100vw, 762px\" \/><\/p>\n<p><strong>Fonte:<\/strong> G1 &#8211;\u00a0Blog do Camarotti<\/p>\n<p>Quando a PEC foi aprovada pelo Senado, previa a extin\u00e7\u00e3o do foro, mantendo a prerrogativa somente para presidentes da Rep\u00fablica, da C\u00e2mara, do Senado e do Supremo, al\u00e9m do vice-presidente da Rep\u00fablica.<\/p>\n<p>A press\u00e3o, agora, \u00e9 para que a PEC siga o novo entendimento do STF \u2013 que restringiu o foro de deputados e senadores a casos cometidos durante o exerc\u00edcio do mandato e em fun\u00e7\u00e3o da atividade parlamentar \u2013, estendendo a restri\u00e7\u00e3o aos tr\u00eas poderes.<\/p>\n<p>A tese j\u00e1 come\u00e7ou a ser defendida pelo relator da PEC, Efraim Filho (DEM), que tamb\u00e9m relatou o texto na Comiss\u00e3o de Constitui\u00e7\u00e3o e Justi\u00e7a (CCJ), no ano passado, e seguiu o entendimento aprovado pelo Senado.<\/p>\n<p><strong>C\u00e2mara instala comiss\u00e3o para analisar o foro privilegiado<\/strong><\/p>\n<p>Ao blog, v\u00e1rios deputados demonstraram preocupa\u00e7\u00e3o com esse movimento, j\u00e1 que o Supremo n\u00e3o tinha poder para legislar sobre a extin\u00e7\u00e3o do foro privilegiado. Por isso, se ateve somente \u00e0 restri\u00e7\u00e3o no caso de deputados e senadores.<\/p>\n<p>Procurado pelo blog, Efraim Filho defendeu o novo entendimento. Disse que \u00e9 preciso seguir a decis\u00e3o do STF de que a restri\u00e7\u00e3o vale para crimes praticados durante o exerc\u00edcio do mandato e relacionados \u00e0 fun\u00e7\u00e3o.<\/p>\n<p>&#8220;Nossa fun\u00e7\u00e3o \u00e9 especificar todos os casos e eventuais lacunas&#8221;, disse o deputado ao blog.<\/p>\n<p>&#8220;Um parlamentar tem direito \u00e0 inviolabilidade da tribuna. N\u00e3o pode ser punido por suas opini\u00f5es&#8221;, acrescentou.<\/p>\n<p>Esse ponto levantado por Efraim j\u00e1 estava preservado no texto aprovado pelo Senado. Mas deputados questionam casos que podem ficar na chamada &#8220;zona cinzenta&#8221;, ou seja, se estariam relacionadas ou n\u00e3o ao exerc\u00edcio da fun\u00e7\u00e3o.<\/p>\n<p>Diante disso, um grupo de deputados deve contestar o movimento e defender a extin\u00e7\u00e3o do foro privilegiado, conforme aprovado pelo Senado no ano passado. O objetivo \u00e9 evitar d\u00favidas de interpreta\u00e7\u00e3o.<\/p>\n","protected":false},"excerpt":{"rendered":"<p>Deputados iniciaram um movimento que pode modificar o conte\u00fado da proposta de emenda \u00e0 Constitui\u00e7\u00e3o (PEC) que restringe o foro privilegiado. Fonte: G1 &#8211;\u00a0Blog do Camarotti Quando a PEC foi aprovada pelo Senado, previa a extin\u00e7\u00e3o do foro, mantendo a prerrogativa somente para presidentes da Rep\u00fablica, da C\u00e2mara, do Senado e do Supremo, al\u00e9m do&#8230; <\/p>\n<div class=\"clear\"><\/div>\n<p><a href=\"https:\/\/bbconsultoria.net\/site\/pressao-na-camara-tenta-mudar-pec-e-estabelecer-a-restricao-do-foro-privilegiado-em-vez-da-extincao\/\" class=\"excerpt-read-more\">Read More<\/a><\/p>\n","protected":false},"author":1,"featured_media":0,"comment_status":"closed","ping_status":"closed","sticky":false,"template":"","format":"standard","meta":{"footnotes":""},"categories":[82],"tags":[],"class_list":["post-6189","post","type-post","status-publish","format-standard","hentry","category-noticias"],"_links":{"self":[{"href":"https:\/\/bbconsultoria.net\/site\/wp-json\/wp\/v2\/posts\/6189","targetHints":{"allow":["GET"]}}],"collection":[{"href":"https:\/\/bbconsultoria.net\/site\/wp-json\/wp\/v2\/posts"}],"about":[{"href":"https:\/\/bbconsultoria.net\/site\/wp-json\/wp\/v2\/types\/post"}],"author":[{"embeddable":true,"href":"https:\/\/bbconsultoria.net\/site\/wp-json\/wp\/v2\/users\/1"}],"replies":[{"embeddable":true,"href":"https:\/\/bbconsultoria.net\/site\/wp-json\/wp\/v2\/comments?post=6189"}],"version-history":[{"count":5,"href":"https:\/\/bbconsultoria.net\/site\/wp-json\/wp\/v2\/posts\/6189\/revisions"}],"predecessor-version":[{"id":6214,"href":"https:\/\/bbconsultoria.net\/site\/wp-json\/wp\/v2\/posts\/6189\/revisions\/6214"}],"wp:attachment":[{"href":"https:\/\/bbconsultoria.net\/site\/wp-json\/wp\/v2\/media?parent=6189"}],"wp:term":[{"taxonomy":"category","embeddable":true,"href":"https:\/\/bbconsultoria.net\/site\/wp-json\/wp\/v2\/categories?post=6189"},{"taxonomy":"post_tag","embeddable":true,"href":"https:\/\/bbconsultoria.net\/site\/wp-json\/wp\/v2\/tags?post=6189"}],"curies":[{"name":"wp","href":"https:\/\/api.w.org\/{rel}","templated":true}]}}