{"id":6187,"date":"2018-05-10T17:25:23","date_gmt":"2018-05-10T14:25:23","guid":{"rendered":"http:\/\/bbconsultoria.net\/site\/?p=6187"},"modified":"2018-05-14T21:41:38","modified_gmt":"2018-05-14T18:41:38","slug":"temer-no-telhado","status":"publish","type":"post","link":"https:\/\/bbconsultoria.net\/site\/temer-no-telhado\/","title":{"rendered":"Temer no telhado"},"content":{"rendered":"<h4><em>Presidente indica ter perdido entusiasmo pela ideia de concorrer \u00e0 reelei\u00e7\u00e3o e acena a aliados<\/em><\/h4>\n<p><img loading=\"lazy\" decoding=\"async\" class=\"alignnone  wp-image-6215\" src=\"http:\/\/bbconsultoria.net\/site\/wp-content\/uploads\/2018\/05\/750_temer_20184518189469-300x197.jpg\" alt=\"\" width=\"603\" height=\"396\" srcset=\"https:\/\/bbconsultoria.net\/site\/wp-content\/uploads\/2018\/05\/750_temer_20184518189469-300x197.jpg 300w, https:\/\/bbconsultoria.net\/site\/wp-content\/uploads\/2018\/05\/750_temer_20184518189469.jpg 750w\" sizes=\"auto, (max-width: 603px) 100vw, 603px\" \/><\/p>\n<p><strong>Fonte:<\/strong> Folha<\/p>\n<p>Parece ter durado pouco o entusiasmo do presidente Michel Temer (MDB) pela ideia de concorrer \u00e0 reelei\u00e7\u00e3o em outubro, projeto pelo qual ele come\u00e7ou a manifestar interesse em meados de mar\u00e7o.<\/p>\n<p>Em duas entrevistas concedidas nos \u00faltimos dias, ele disse que pode desistir da postula\u00e7\u00e3o se isso contribuir para unir em torno de um s\u00f3 nome os partidos que o sustentaram no poder ap\u00f3s o impeachment de Dilma Rousseff (PT).<\/p>\n<p>\u201cSe for necess\u00e1rio, abro [m\u00e3o da candidatura] com a maior tranquilidade\u201d, afirmou o presidente. \u201cSe n\u00f3s quisermos ter o centro, n\u00e3o podemos ter sete ou oito candidatos.\u201d<\/p>\n<p>Temer transmitiu mensagem semelhante em conversas privadas com aliados e buscou aproxima\u00e7\u00e3o com o ex-governador Geraldo Alckmin (PSDB), que tem preferido manter dist\u00e2ncia do emedebista.<\/p>\n<p>A candidatura \u00e0 reelei\u00e7\u00e3o sempre pareceu duvidosa, um biombo que disfar\u00e7ava mal seus reais objetivos \u2014evitar o isolamento e buscar prote\u00e7\u00e3o contra o avan\u00e7o das investiga\u00e7\u00f5es que o cercam.<\/p>\n<p>Alvo de duas den\u00fancias criminais com andamento suspenso pela C\u00e2mara dos Deputados, o mandat\u00e1rio \u00e9 o foco de dois inqu\u00e9ritos no Supremo Tribunal Federal, e as suspeitas sobre sua conduta se avolumaram nas \u00faltimas semanas.<\/p>\n<p>Um funcion\u00e1rio de transportadora de valores disse \u00e0 Pol\u00edcia Federal que levou duas vezes pacotes de dinheiro ao escrit\u00f3rio de um dos melhores amigos do presidente, o advogado Jos\u00e9 Yunes, investigado sob acusa\u00e7\u00e3o de arrecadar ilicitamente fundos de campanha.<\/p>\n<p>Como revelou antes reportagem publicada nesta Folha, fornecedores de uma reforma realizada na casa de uma filha de Temer foram pagos com dinheiro vivo, entregue pela mulher de outro amigo dele.<\/p>\n<p>Caber\u00e1 \u00e0 Justi\u00e7a esclarecer se as suposi\u00e7\u00f5es t\u00eam fundamento, mas seu efeito pol\u00edtico \u00e9 incontorn\u00e1vel. Elas aumentam a desconfian\u00e7a enfrentada pelo emedebista, cuja imagem tem sido desgastada tamb\u00e9m pela frustra\u00e7\u00e3o geral com a lenta recupera\u00e7\u00e3o econ\u00f4mica.<\/p>\n<p>Oscilando entre 1% e 2% das prefer\u00eancias dos eleitores, segundo o Datafolha, o presidente tornou-se t\u00f3xico para seus aliados, uma presen\u00e7a indesej\u00e1vel no palanque.<\/p>\n<p>Ao acenar com a possibilidade de abandonar suas pretens\u00f5es eleitorais, Temer tenta se manter relevante no jogo pol\u00edtico e evitar que outros integrantes do bloco governista ocupem o espa\u00e7o do MDB.<\/p>\n<p>Como trunfo, a legenda tem o controle sobre fatia relevante do tempo reservado \u00e0 propaganda eleitoral neste ano \u2014um ativo valioso que poderia aumentar as chances de qualquer um na campanha.<\/p>\n<p>Mas o custo de uma alian\u00e7a com o governismo pode ser t\u00e3o alto que ningu\u00e9m queira assumir tal compromisso, o que deixaria os candidatos do MDB nos estados livres para buscar outras composi\u00e7\u00f5es.<\/p>\n","protected":false},"excerpt":{"rendered":"<p>Presidente indica ter perdido entusiasmo pela ideia de concorrer \u00e0 reelei\u00e7\u00e3o e acena a aliados Fonte: Folha Parece ter durado pouco o entusiasmo do presidente Michel Temer (MDB) pela ideia de concorrer \u00e0 reelei\u00e7\u00e3o em outubro, projeto pelo qual ele come\u00e7ou a manifestar interesse em meados de mar\u00e7o. Em duas entrevistas concedidas nos \u00faltimos dias,&#8230; <\/p>\n<div class=\"clear\"><\/div>\n<p><a href=\"https:\/\/bbconsultoria.net\/site\/temer-no-telhado\/\" class=\"excerpt-read-more\">Read More<\/a><\/p>\n","protected":false},"author":1,"featured_media":0,"comment_status":"closed","ping_status":"closed","sticky":false,"template":"","format":"standard","meta":{"footnotes":""},"categories":[82],"tags":[],"class_list":["post-6187","post","type-post","status-publish","format-standard","hentry","category-noticias"],"_links":{"self":[{"href":"https:\/\/bbconsultoria.net\/site\/wp-json\/wp\/v2\/posts\/6187","targetHints":{"allow":["GET"]}}],"collection":[{"href":"https:\/\/bbconsultoria.net\/site\/wp-json\/wp\/v2\/posts"}],"about":[{"href":"https:\/\/bbconsultoria.net\/site\/wp-json\/wp\/v2\/types\/post"}],"author":[{"embeddable":true,"href":"https:\/\/bbconsultoria.net\/site\/wp-json\/wp\/v2\/users\/1"}],"replies":[{"embeddable":true,"href":"https:\/\/bbconsultoria.net\/site\/wp-json\/wp\/v2\/comments?post=6187"}],"version-history":[{"count":2,"href":"https:\/\/bbconsultoria.net\/site\/wp-json\/wp\/v2\/posts\/6187\/revisions"}],"predecessor-version":[{"id":6216,"href":"https:\/\/bbconsultoria.net\/site\/wp-json\/wp\/v2\/posts\/6187\/revisions\/6216"}],"wp:attachment":[{"href":"https:\/\/bbconsultoria.net\/site\/wp-json\/wp\/v2\/media?parent=6187"}],"wp:term":[{"taxonomy":"category","embeddable":true,"href":"https:\/\/bbconsultoria.net\/site\/wp-json\/wp\/v2\/categories?post=6187"},{"taxonomy":"post_tag","embeddable":true,"href":"https:\/\/bbconsultoria.net\/site\/wp-json\/wp\/v2\/tags?post=6187"}],"curies":[{"name":"wp","href":"https:\/\/api.w.org\/{rel}","templated":true}]}}