{"id":6182,"date":"2018-05-09T22:07:40","date_gmt":"2018-05-09T19:07:40","guid":{"rendered":"http:\/\/bbconsultoria.net\/site\/?p=6182"},"modified":"2018-05-10T22:09:38","modified_gmt":"2018-05-10T19:09:38","slug":"para-onde-vao-os-14-milhoes-de-votos-que-eram-de-joaquim-barbosa","status":"publish","type":"post","link":"https:\/\/bbconsultoria.net\/site\/para-onde-vao-os-14-milhoes-de-votos-que-eram-de-joaquim-barbosa\/","title":{"rendered":"Para onde v\u00e3o os 14 milh\u00f5es de votos que eram de Joaquim Barbosa?"},"content":{"rendered":"<p><img loading=\"lazy\" decoding=\"async\" class=\"alignnone  wp-image-6174 aligncenter\" src=\"http:\/\/bbconsultoria.net\/site\/wp-content\/uploads\/2018\/05\/Joaquim-Barbosa--300x172.jpg\" alt=\"\" width=\"528\" height=\"303\" srcset=\"https:\/\/bbconsultoria.net\/site\/wp-content\/uploads\/2018\/05\/Joaquim-Barbosa--300x172.jpg 300w, https:\/\/bbconsultoria.net\/site\/wp-content\/uploads\/2018\/05\/Joaquim-Barbosa--768x439.jpg 768w, https:\/\/bbconsultoria.net\/site\/wp-content\/uploads\/2018\/05\/Joaquim-Barbosa--700x400.jpg 700w, https:\/\/bbconsultoria.net\/site\/wp-content\/uploads\/2018\/05\/Joaquim-Barbosa-.jpg 780w\" sizes=\"auto, (max-width: 528px) 100vw, 528px\" \/><\/p>\n<p><em><strong>Com a desist\u00eancia de Joaquim Barbosa da candidatura ao Pal\u00e1cio do Planalto, presidenci\u00e1veis se sentem aliviados sem a presen\u00e7a de um advers\u00e1rio considerado quase imbat\u00edvel no atual cen\u00e1rio pol\u00edtico e buscam os eleitores do ex-ministro do STF<\/strong><\/em><\/p>\n<p>Depois da surpresa, a primeira rea\u00e7\u00e3o dos presidenci\u00e1veis com o abandono da candidatura de Joaquim Barbosa (PSB) foi de al\u00edvio. O ministro aposentado do Supremo Tribunal Federal (STF) representava uma atra\u00e7\u00e3o de votos incompar\u00e1vel no cen\u00e1rio eleitoral recente. Na primeira testagem, Barbosa acumulou 14 milh\u00f5es de votos, percentual muito maior que o de qualquer outro pol\u00edtico na mesma condi\u00e7\u00e3o, e assustou os advers\u00e1rios. A sa\u00edda dele pode acabar com as chances de os pessebistas encabe\u00e7arem alguma chapa, o que coloca novamente no radar a possibilidade das coliga\u00e7\u00f5es.<\/p>\n<p>Com pinta de outsider, Barbosa declarou motivos pessoais para desistir da candidatura, que anunciou pelo Twitter antes mesmo de o partido se pronunciar. A not\u00edcia n\u00e3o agradou ao presidente do PSB, Carlos Siqueira, que disse ao Correio que uma reuni\u00e3o na pr\u00f3xima semana resolver\u00e1 a quest\u00e3o. A desist\u00eancia de Barbosa estava entre as possibilidades, admite o l\u00edder pessebista, mas nunca foi encarada como uma possibilidade real. Tanto que n\u00e3o h\u00e1 plano B.<\/p>\n<p>\u201cEle estava com ressalvas. A\u00ed, falei: olha, ministro, s\u00f3 vale ser candidato se tiver muita vontade. Se n\u00e3o tiver, melhor desistir. Foi o que ele fez.\u201d Com a mudan\u00e7a no cen\u00e1rio, foi convocada uma reuni\u00e3o em tom de emerg\u00eancia. \u201cA executiva deve se encontrar nos pr\u00f3ximos dias, talvez na semana que vem, para ponderar tudo o que aconteceu. N\u00e3o h\u00e1 plano B, ent\u00e3o, o mais prov\u00e1vel \u00e9 que n\u00e3o exista outro candidato\u201d, complementou Siqueira.<br \/>\nContinua depois da publicidade<\/p>\n<p><strong>Corrida presidencial: Fl\u00e1vio Rocha diz que pode herdar votos de Barbosa<\/strong><\/p>\n<p>Nascido em Paracatu, Barbosa, 63 anos, enfrentou muitas dificuldades antes de chegar \u00e0 presid\u00eancia do Supremo. Tamb\u00e9m figurou na lista das 100 pessoas mais importantes do mundo, em 2013, e foi relator dos mais emblem\u00e1ticos processos de combate \u00e0 corrup\u00e7\u00e3o em \u00e2mbito nacional at\u00e9 ent\u00e3o. Era o perfil ideal para levantar a bola de um partido que queria andar ao lado dos grandes, chegando ao Planalto.<\/p>\n<p>Foi a escolha de Siqueira, que saiu derrotado com o decl\u00ednio. Por isso, evita falar sobre coliga\u00e7\u00f5es. Para ele, ainda \u00e9 um tema muito delicado para se tratar imediatamente ap\u00f3s uma not\u00edcia dessas. \u201cA decis\u00e3o ser\u00e1 tomada em conjunto, mas ainda n\u00e3o sabemos em que tom isso ocorrer\u00e1\u201d, detalhou, ao ser questionado sobre uma parceria com Ciro Gomes. Entretanto, o pedetista seria uma escolha natural dos governadores, que podem pressionar o partido em busca do embarque em uma chapa presidencial.<\/p>\n<p>A press\u00e3o dos caciques, ali\u00e1s, pode favorecer o namoro entre PDT e PSB. Di\u00e1logos foram abertos ainda em 2017, mas paralisaram ap\u00f3s o desejo dos pessebistas em emplacar Barbosa. O presidente pedetista, Carlos Lupi, afirmou que a tend\u00eancia, agora, \u00e9 fortalecer as conversas. \u201cJ\u00e1 t\u00ednhamos di\u00e1logos permanentes com a dire\u00e7\u00e3o. Vamos intensific\u00e1-los para ver se finalmente essa alian\u00e7a sai. Mas vamos respeitar o tempo de cada um\u201d, destacou.<\/p>\n<p><strong>Uni\u00e3o<\/strong><\/p>\n<p>Sem Barbosa, a probabilidade de selar uma uni\u00e3o entre os dois partidos \u00e9 cada vez mais real, e tem tudo para agradar a gregos e troianos. Para o PSB, \u00e9 a chance de fortalecer o partido no cen\u00e1rio nacional, que j\u00e1 conta com cinco governadores. Para o PDT, significa o fortalecimento do capital pol\u00edtico para emplacar a candidatura de Ciro, que inclui mais recursos e minutos de televis\u00e3o no hor\u00e1rio eleitoral gratuito.<\/p>\n<p>As negocia\u00e7\u00f5es ainda v\u00e3o avan\u00e7ar, mas a possibilidade de o PSB emplacar um nome para a vice-presid\u00eancia da chapa de Ciro n\u00e3o est\u00e1 descartada, admite Lupi. \u201cIsso faz parte do jogo pol\u00edtico\u201d, destacou. Ele n\u00e3o acredita, no entanto, que este espa\u00e7o ser\u00e1 ocupado por Barbosa. \u201cAcho pouqu\u00edssimo prov\u00e1vel. N\u00e3o \u00e9 a natureza do Joaquim. Se n\u00e3o quis ser candidato a presidente, ele vai querer ser vice? Acho pouqu\u00edssimo prov\u00e1vel. Mas tudo pode acontecer\u201d, justificou.<\/p>\n<p>Para Lupi, \u00e9 necess\u00e1rio analisar o perfil do eleitorado do ministro aposentado. Independentemente disso, o comandante pedetista avalia que a situa\u00e7\u00e3o \u00e9 favor\u00e1vel para o crescimento da candidatura do partido. \u201cAcho que Ciro fica sem grandes concorrentes na \u00e1rea (da esquerda)\u201d, ponderou. Os demais candidatos fazem contas favor\u00e1veis em rela\u00e7\u00e3o aos votos.<\/p>\n<p>O ministro da Secretaria de Governo, Carlos Marun (MDB), avaliou como \u201cs\u00e1bia\u201d a op\u00e7\u00e3o de Barbosa, mas criticou o magistrado. \u201cEle tem suas qualidades, que s\u00e3o de conhecimento do povo brasileiro. Todavia, j\u00e1 havia colocado meu pensamento no sentido de que, para o exerc\u00edcio da Presid\u00eancia, s\u00e3o necess\u00e1rias algumas qualidades, que o ministro ainda n\u00e3o havia demonstrado, principalmente articula\u00e7\u00e3o pol\u00edtica e, digamos, at\u00e9 um conhecimento mais amplo das quest\u00f5es nacionais\u201d, afirmou.<\/p>\n<p>Ap\u00f3s a movimenta\u00e7\u00e3o de Barbosa, aumentou a lista de presidenci\u00e1veis que desistiram de concorrer ao Planalto. Al\u00e9m dele, h\u00e1 o apresentador Luciano Huck (PPS) e o cirurgi\u00e3o pl\u00e1stico Dr. Rey (PEN). Jo\u00e3o Doria (PSDB) tamb\u00e9m n\u00e3o est\u00e1 mais no p\u00e1reo, mas, em vez de desistir, foi dissuadido pela legenda.<\/p>\n<h4>Rea\u00e7\u00f5es dos advers\u00e1rios<\/h4>\n<p><strong>Marina Silva (REDE)<\/strong><br \/>\n\u201cRespeito o debate interno do PSB, mas destaco a identidade program\u00e1tica que cruzou nossos caminhos (em 2014).<br \/>\nMas a decis\u00e3o do ministro ainda \u00e9 muito recente. \u00c9 preciso dar tempo ao PSB para debater a decis\u00e3o\u201d<\/p>\n<p><strong>Henrique Meirelles (MDB)<\/strong><br \/>\n\u201cO ex-ministro Joaquim Barbosa tomou uma decis\u00e3o de cunho pessoal, e eu respeito essa op\u00e7\u00e3o.<br \/>\nEle deu uma importante contribui\u00e7\u00e3o ao pa\u00eds por tudo o que fez na vida p\u00fablica. Foi um personagem relevante da hist\u00f3ria recente do Brasil\u201d<\/p>\n<p><strong>Geraldo Alckmin (PSDB)<\/strong><br \/>\n\u201c\u00c9 uma perda, porque precisamos de novas lideran\u00e7as como ele, com mais participa\u00e7\u00e3o e servi\u00e7os para o Estado. Tenho certeza que, se n\u00e3o for como candidato, a participa\u00e7\u00e3o dele ser\u00e1 de outra forma\u201d<\/p>\n<p><strong>\u00c1lvaro Dias (PODE)<\/strong><br \/>\n\u201cAinda \u00e9 dif\u00edcil avaliar qual candidato ganha com a decis\u00e3o de Barbosa de n\u00e3o entrar na disputa, mas uma decis\u00e3o personal\u00edssima como essa precisa ser respeitada. N\u00e3o d\u00e1 para ficar especulando\u201d<\/p>\n","protected":false},"excerpt":{"rendered":"<p>Com a desist\u00eancia de Joaquim Barbosa da candidatura ao Pal\u00e1cio do Planalto, presidenci\u00e1veis se sentem aliviados sem a presen\u00e7a de um advers\u00e1rio considerado quase imbat\u00edvel no atual cen\u00e1rio pol\u00edtico e buscam os eleitores do ex-ministro do STF Depois da surpresa, a primeira rea\u00e7\u00e3o dos presidenci\u00e1veis com o abandono da candidatura de Joaquim Barbosa (PSB) foi&#8230; <\/p>\n<div class=\"clear\"><\/div>\n<p><a href=\"https:\/\/bbconsultoria.net\/site\/para-onde-vao-os-14-milhoes-de-votos-que-eram-de-joaquim-barbosa\/\" class=\"excerpt-read-more\">Read More<\/a><\/p>\n","protected":false},"author":1,"featured_media":0,"comment_status":"closed","ping_status":"closed","sticky":false,"template":"","format":"standard","meta":{"footnotes":""},"categories":[82],"tags":[],"class_list":["post-6182","post","type-post","status-publish","format-standard","hentry","category-noticias"],"_links":{"self":[{"href":"https:\/\/bbconsultoria.net\/site\/wp-json\/wp\/v2\/posts\/6182","targetHints":{"allow":["GET"]}}],"collection":[{"href":"https:\/\/bbconsultoria.net\/site\/wp-json\/wp\/v2\/posts"}],"about":[{"href":"https:\/\/bbconsultoria.net\/site\/wp-json\/wp\/v2\/types\/post"}],"author":[{"embeddable":true,"href":"https:\/\/bbconsultoria.net\/site\/wp-json\/wp\/v2\/users\/1"}],"replies":[{"embeddable":true,"href":"https:\/\/bbconsultoria.net\/site\/wp-json\/wp\/v2\/comments?post=6182"}],"version-history":[{"count":1,"href":"https:\/\/bbconsultoria.net\/site\/wp-json\/wp\/v2\/posts\/6182\/revisions"}],"predecessor-version":[{"id":6183,"href":"https:\/\/bbconsultoria.net\/site\/wp-json\/wp\/v2\/posts\/6182\/revisions\/6183"}],"wp:attachment":[{"href":"https:\/\/bbconsultoria.net\/site\/wp-json\/wp\/v2\/media?parent=6182"}],"wp:term":[{"taxonomy":"category","embeddable":true,"href":"https:\/\/bbconsultoria.net\/site\/wp-json\/wp\/v2\/categories?post=6182"},{"taxonomy":"post_tag","embeddable":true,"href":"https:\/\/bbconsultoria.net\/site\/wp-json\/wp\/v2\/tags?post=6182"}],"curies":[{"name":"wp","href":"https:\/\/api.w.org\/{rel}","templated":true}]}}