{"id":6167,"date":"2018-05-08T06:47:22","date_gmt":"2018-05-08T03:47:22","guid":{"rendered":"http:\/\/bbconsultoria.net\/site\/?p=6167"},"modified":"2018-05-10T21:59:47","modified_gmt":"2018-05-10T18:59:47","slug":"sem-favoritos","status":"publish","type":"post","link":"https:\/\/bbconsultoria.net\/site\/sem-favoritos\/","title":{"rendered":"Sem favorito(s)"},"content":{"rendered":"<h4><em>Hoje, uma aposta seria Ciro e Alckmin no segundo turno. Amanh\u00e3? Ningu\u00e9m sabe<\/em><\/h4>\n<p><strong>ARTIGO &#8211;\u00a0Eliane Cantanh\u00eade<\/strong><\/p>\n<h4><img loading=\"lazy\" decoding=\"async\" class=\"alignnone wp-image-6176 aligncenter\" src=\"http:\/\/bbconsultoria.net\/site\/wp-content\/uploads\/2018\/05\/votar-300x164.png\" alt=\"\" width=\"646\" height=\"353\" srcset=\"https:\/\/bbconsultoria.net\/site\/wp-content\/uploads\/2018\/05\/votar-300x164.png 300w, https:\/\/bbconsultoria.net\/site\/wp-content\/uploads\/2018\/05\/votar.png 560w\" sizes=\"auto, (max-width: 646px) 100vw, 646px\" \/><\/h4>\n<p>Sabe o que faz esta elei\u00e7\u00e3o t\u00e3o at\u00edpica, diferente das demais? A esta altura, j\u00e1 havia um favorito em 1994, 1998 e 2002 e j\u00e1 se sabia quem iria para o segundo turno em 2006, 2010 e 2014. Agora, n\u00e3o. Os candidatos se embolam e se contorcem. Nenhum deles \u00e9 favorito ou est\u00e1 virtualmente no segundo turno.<\/p>\n<p>Lula est\u00e1 fora. Bolsonaro bateu no teto. O resto \u00e9 o resto e cada um tenta fechar alian\u00e7as, ganhar uns minutos a mais na TV, montar equipe, articular um esquema de financiamento s\u00f3lido (e que n\u00e3o d\u00ea problemas depois&#8230;), al\u00e9m, claro, de subir nas pesquisas. Est\u00e1 uma pedreira.<\/p>\n<p>H\u00e1 quem insista na candidatura de Lula, preso em Curitiba, sabendo que se trata de fic\u00e7\u00e3o. H\u00e1 quem defenda Fernando Haddad como plano B. H\u00e1 quem admita o inadmiss\u00edvel na hist\u00f3ria do partido: abrir m\u00e3o da cabe\u00e7a de chapa para Ciro Gomes, do PDT.<\/p>\n<p>Ora Haddad \u00e9 presidenci\u00e1vel, ora disputa a vice de Ciro, agora j\u00e1 \u00e9 op\u00e7\u00e3o para o governo de S\u00e3o Paulo. Mais um pouco, vira candidato a s\u00edndico de pr\u00e9dio. \u00c9 o PT enfraquecendo o PT.<\/p>\n<p>Gleisi Hoffmann, ali\u00e1s, diz que Ciro n\u00e3o passa no PT nem com \u201creza brava\u201d, mas o fato \u00e9 que ele se fortalece com a fraqueza do PT e tenta servir de boia para o partido trazer junto o PCdoB de Manuela d\u2019\u00c1vila e o PSOL de Guilherme Boulos e, ao mesmo tempo, tornar-se palat\u00e1vel \u00e0 elite financeira. Lula gostaria de todos juntos, mas n\u00e3o \u00e9 uma opera\u00e7\u00e3o f\u00e1cil.<\/p>\n<p>De qualquer forma, Ciro vai se habilitando ao segundo turno e seus articuladores devem acender velas e investir em chazinhos e ervas para que ele n\u00e3o saia socando jornalistas e eleitores e matando suas pr\u00f3prias chances.<\/p>\n<p>Quanto a Bolsonaro: com a pris\u00e3o de Lula, ele nem cresceu, como previam uns, nem esvaziou, como torciam outros. Simplesmente estagnou. E \u00e9 estagnado que tenta atrair partidos, deputados, tempo de TV e recursos para sua campanha. E deve morrer de medo de enfrentar debates ao vivo, que podem ter um efeito inverso para ele: em vez de crescer, minguar.<\/p>\n<p>Pelo centro, um centro com cara e jeito de esquerda, concorrem Joaquim Barbosa e Marina Silva. Uma chapa entre os dois seria poderosa, mas&#8230; Joaquim e o PSB brincam de gato e rato, Marina nem admite conversar sobre ser vice e ningu\u00e9m, na verdade, sabe o que o ex-presidente do STF pensa sobre economia, crise fiscal, reforma da Previd\u00eancia. Sem isso, o Pa\u00eds n\u00e3o sai do fundo e continua asfixiando justamente os mais pobres \u2013 que s\u00e3o a maioria.<\/p>\n<p>Geraldo Alckmin, que n\u00e3o atinge dois d\u00edgitos e precisa crescer em S\u00e3o Paulo, continua atraindo as aten\u00e7\u00f5es (e a afli\u00e7\u00e3o) de quem n\u00e3o pula no barco das esquerdas nem no da direita bolsonarista. Ele pode n\u00e3o encantar, mas se beneficia da percep\u00e7\u00e3o de que \u00e9 o \u00fanico candidato que, apesar de tudo, ainda pode trazer oficialmente o MDB e o DEM, com seus preciosos minutos de TV e sua forte capilaridade.<\/p>\n<p>Michel Temer \u00e9 t\u00e3o candidato hoje quanto era no in\u00edcio, ou seja, zero candidato. E, por isso, ele comanda as negocia\u00e7\u00f5es PSDB-MDB com desenvoltura e at\u00e9 descuido. Ou o presidente esqueceu que Henrique Meirelles saiu da Fazenda para disputar o Planalto pelo MDB?<\/p>\n<p>Como Temer, Rodrigo Maia n\u00e3o chegou em algum minuto a crer nas suas chances. E, sem ele, o DEM tende a somar com PSDB, MDB e PSD em torno de Alckmin. Mas, aten\u00e7\u00e3o: em todos haver\u00e1 dissidentes.<\/p>\n<p>Como eles, tamb\u00e9m Fl\u00e1vio Rocha, Jo\u00e3o Amo\u00eado e o pr\u00f3prio Meirelles tender\u00e3o a apoiar Alckmin, principalmente num eventual segundo turno entre ele e Ciro, por exemplo. Mas, juntos, ter\u00e3o de tourear \u00c1lvaro Dias, uma pe\u00e7a-chave nessa arena. Dias n\u00e3o tem for\u00e7a para ganhar, mas pode ter para derrotar Alckmin, que, de quebra, para complicar, convive com um fantasma: Paulo Preto, o Palocci do PSDB.<\/p>\n","protected":false},"excerpt":{"rendered":"<p>Hoje, uma aposta seria Ciro e Alckmin no segundo turno. Amanh\u00e3? Ningu\u00e9m sabe ARTIGO &#8211;\u00a0Eliane Cantanh\u00eade Sabe o que faz esta elei\u00e7\u00e3o t\u00e3o at\u00edpica, diferente das demais? A esta altura, j\u00e1 havia um favorito em 1994, 1998 e 2002 e j\u00e1 se sabia quem iria para o segundo turno em 2006, 2010 e 2014. Agora,&#8230; <\/p>\n<div class=\"clear\"><\/div>\n<p><a href=\"https:\/\/bbconsultoria.net\/site\/sem-favoritos\/\" class=\"excerpt-read-more\">Read More<\/a><\/p>\n","protected":false},"author":1,"featured_media":0,"comment_status":"closed","ping_status":"closed","sticky":false,"template":"","format":"standard","meta":{"footnotes":""},"categories":[82],"tags":[],"class_list":["post-6167","post","type-post","status-publish","format-standard","hentry","category-noticias"],"_links":{"self":[{"href":"https:\/\/bbconsultoria.net\/site\/wp-json\/wp\/v2\/posts\/6167","targetHints":{"allow":["GET"]}}],"collection":[{"href":"https:\/\/bbconsultoria.net\/site\/wp-json\/wp\/v2\/posts"}],"about":[{"href":"https:\/\/bbconsultoria.net\/site\/wp-json\/wp\/v2\/types\/post"}],"author":[{"embeddable":true,"href":"https:\/\/bbconsultoria.net\/site\/wp-json\/wp\/v2\/users\/1"}],"replies":[{"embeddable":true,"href":"https:\/\/bbconsultoria.net\/site\/wp-json\/wp\/v2\/comments?post=6167"}],"version-history":[{"count":4,"href":"https:\/\/bbconsultoria.net\/site\/wp-json\/wp\/v2\/posts\/6167\/revisions"}],"predecessor-version":[{"id":6178,"href":"https:\/\/bbconsultoria.net\/site\/wp-json\/wp\/v2\/posts\/6167\/revisions\/6178"}],"wp:attachment":[{"href":"https:\/\/bbconsultoria.net\/site\/wp-json\/wp\/v2\/media?parent=6167"}],"wp:term":[{"taxonomy":"category","embeddable":true,"href":"https:\/\/bbconsultoria.net\/site\/wp-json\/wp\/v2\/categories?post=6167"},{"taxonomy":"post_tag","embeddable":true,"href":"https:\/\/bbconsultoria.net\/site\/wp-json\/wp\/v2\/tags?post=6167"}],"curies":[{"name":"wp","href":"https:\/\/api.w.org\/{rel}","templated":true}]}}