{"id":6165,"date":"2018-05-08T06:45:29","date_gmt":"2018-05-08T03:45:29","guid":{"rendered":"http:\/\/bbconsultoria.net\/site\/?p=6165"},"modified":"2018-05-10T22:10:44","modified_gmt":"2018-05-10T19:10:44","slug":"por-que-temer-e-tao-odiado","status":"publish","type":"post","link":"https:\/\/bbconsultoria.net\/site\/por-que-temer-e-tao-odiado\/","title":{"rendered":"Por que Temer \u00e9 t\u00e3o odiado?"},"content":{"rendered":"<h4><em>Nada de positivo parece capaz de associar-se \u00e0 imagem do presidente<\/em><\/h4>\n<p><img loading=\"lazy\" decoding=\"async\" class=\"wp-image-6171 aligncenter\" src=\"http:\/\/bbconsultoria.net\/site\/wp-content\/uploads\/2018\/05\/659255-970x600-1-300x186.jpeg\" alt=\"\" width=\"435\" height=\"270\" srcset=\"https:\/\/bbconsultoria.net\/site\/wp-content\/uploads\/2018\/05\/659255-970x600-1-300x186.jpeg 300w, https:\/\/bbconsultoria.net\/site\/wp-content\/uploads\/2018\/05\/659255-970x600-1-768x475.jpeg 768w, https:\/\/bbconsultoria.net\/site\/wp-content\/uploads\/2018\/05\/659255-970x600-1.jpeg 970w\" sizes=\"auto, (max-width: 435px) 100vw, 435px\" \/><\/p>\n<p>A avalia\u00e7\u00e3o de Michel Temer nunca foi boa. Quando contava dois meses de governo, o Datafolha computava-lhe 14% de \u00f3timo\/bom e 31% de ruim\/p\u00e9ssimo. Com sete meses, esses n\u00fameros passaram respectivamente a 10% e 51%. A impopularidade continuou aumentando at\u00e9 estabilizar-se em 70% de aprecia\u00e7\u00f5es negativas e 6% de positivas.<\/p>\n<p>A famosa fita de Joesley Batista, que p\u00f4s o presidente no olho do furac\u00e3o dos esc\u00e2ndalos de corrup\u00e7\u00e3o, decerto contribuiu para a deteriora\u00e7\u00e3o de sua imagem, mas n\u00e3o a causou, apenas acentuando um movimento que j\u00e1 estava em curso.<\/p>\n<p>O interessante aqui \u00e9 que Temer at\u00e9 produziu boas not\u00edcias. Al\u00e9m do fato de ter sido sob sua administra\u00e7\u00e3o que o pa\u00eds saiu da profunda recess\u00e3o em que mergulhara, o presidente fez pequenas bondades, como liberar o saldo de contas inativas do FGTS, e tentou navegar em teses populares, ao determinar a interven\u00e7\u00e3o federal no Rio de Janeiro.<\/p>\n<p>OK. N\u00e3o \u00e9 nada muito fant\u00e1stico, mas s\u00e3o coisas que, em condi\u00e7\u00f5es normais, acrescentariam alguns pontinhos \u00e0 popularidade do governante. No caso de Temer, por\u00e9m, nada de positivo parece capaz de associar-se \u00e0 sua imagem.<\/p>\n<p>Acredito que h\u00e1 uma antipatia cong\u00eanita contra Temer. Minha hip\u00f3tese \u00e9 que ela tem origem no fato de o mandat\u00e1rio ter agido muito abertamente para derrubar Dilma Rousseff. Embora a maioria da popula\u00e7\u00e3o apoiasse o impeachment, o vice que faz de tudo para herdar o cargo fica com pecha de traidor, o que n\u00e3o \u00e9 bom para a imagem.<\/p>\n<p>Se h\u00e1 algo que a psique humana abomina, s\u00e3o traidores. N\u00e3o \u00e9 uma coincid\u00eancia que seja para eles que Dante Alighieri, na \u201cDivina Com\u00e9dia\u201d, reservou o nono e mais extremo c\u00edrculo infernal. E, nele, na quarta e \u00faltima esfera, est\u00e3o os que tra\u00edram seus mestres ou reis. Destes, tr\u00eas \u2014Judas, Brutus e C\u00e1ssio\u2014 ainda recebem a distin\u00e7\u00e3o de ser torturados pessoalmente por Satan\u00e1s.<\/p>\n<p>Diante desse retrospecto, Temer at\u00e9 que n\u00e3o vai t\u00e3o mal.<\/p>\n","protected":false},"excerpt":{"rendered":"<p>Nada de positivo parece capaz de associar-se \u00e0 imagem do presidente A avalia\u00e7\u00e3o de Michel Temer nunca foi boa. Quando contava dois meses de governo, o Datafolha computava-lhe 14% de \u00f3timo\/bom e 31% de ruim\/p\u00e9ssimo. Com sete meses, esses n\u00fameros passaram respectivamente a 10% e 51%. A impopularidade continuou aumentando at\u00e9 estabilizar-se em 70% de&#8230; <\/p>\n<div class=\"clear\"><\/div>\n<p><a href=\"https:\/\/bbconsultoria.net\/site\/por-que-temer-e-tao-odiado\/\" class=\"excerpt-read-more\">Read More<\/a><\/p>\n","protected":false},"author":1,"featured_media":0,"comment_status":"closed","ping_status":"closed","sticky":false,"template":"","format":"standard","meta":{"footnotes":""},"categories":[82],"tags":[],"class_list":["post-6165","post","type-post","status-publish","format-standard","hentry","category-noticias"],"_links":{"self":[{"href":"https:\/\/bbconsultoria.net\/site\/wp-json\/wp\/v2\/posts\/6165","targetHints":{"allow":["GET"]}}],"collection":[{"href":"https:\/\/bbconsultoria.net\/site\/wp-json\/wp\/v2\/posts"}],"about":[{"href":"https:\/\/bbconsultoria.net\/site\/wp-json\/wp\/v2\/types\/post"}],"author":[{"embeddable":true,"href":"https:\/\/bbconsultoria.net\/site\/wp-json\/wp\/v2\/users\/1"}],"replies":[{"embeddable":true,"href":"https:\/\/bbconsultoria.net\/site\/wp-json\/wp\/v2\/comments?post=6165"}],"version-history":[{"count":2,"href":"https:\/\/bbconsultoria.net\/site\/wp-json\/wp\/v2\/posts\/6165\/revisions"}],"predecessor-version":[{"id":6184,"href":"https:\/\/bbconsultoria.net\/site\/wp-json\/wp\/v2\/posts\/6165\/revisions\/6184"}],"wp:attachment":[{"href":"https:\/\/bbconsultoria.net\/site\/wp-json\/wp\/v2\/media?parent=6165"}],"wp:term":[{"taxonomy":"category","embeddable":true,"href":"https:\/\/bbconsultoria.net\/site\/wp-json\/wp\/v2\/categories?post=6165"},{"taxonomy":"post_tag","embeddable":true,"href":"https:\/\/bbconsultoria.net\/site\/wp-json\/wp\/v2\/tags?post=6165"}],"curies":[{"name":"wp","href":"https:\/\/api.w.org\/{rel}","templated":true}]}}