{"id":6163,"date":"2018-05-07T06:44:33","date_gmt":"2018-05-07T03:44:33","guid":{"rendered":"http:\/\/bbconsultoria.net\/site\/?p=6163"},"modified":"2018-05-10T22:11:58","modified_gmt":"2018-05-10T19:11:58","slug":"no-ambito-federal","status":"publish","type":"post","link":"https:\/\/bbconsultoria.net\/site\/no-ambito-federal\/","title":{"rendered":"No \u00e2mbito federal&#8230;"},"content":{"rendered":"<h4><img loading=\"lazy\" decoding=\"async\" class=\"alignnone size-medium wp-image-6173 aligncenter\" src=\"http:\/\/bbconsultoria.net\/site\/wp-content\/uploads\/2018\/05\/devagar-300x149.png\" alt=\"\" width=\"300\" height=\"149\" srcset=\"https:\/\/bbconsultoria.net\/site\/wp-content\/uploads\/2018\/05\/devagar-300x149.png 300w, https:\/\/bbconsultoria.net\/site\/wp-content\/uploads\/2018\/05\/devagar.png 600w\" sizes=\"auto, (max-width: 300px) 100vw, 300px\" \/><\/h4>\n<h4><em>A Economia anda num passo mais devagar do que se imaginava<\/em><\/h4>\n<p>Nesse in\u00edcio de ano, a recupera\u00e7\u00e3o dos empregos n\u00e3o se deu, ainda, na velocidade esperada. Possivelmente, essa alta do d\u00f3lar e do petr\u00f3leo deve gerar um pouquinho mais de infla\u00e7\u00e3o, ou seja, a situa\u00e7\u00e3o econ\u00f4mica, apesar de estar em recupera\u00e7\u00e3o e as perspectivas serem boas, a s\u00f3cio &#8211; econ\u00f4mica n\u00e3o vai t\u00e3o bem nesse per\u00edodo quanto o governo gostaria.<\/p>\n<p>Isso inviabiliza por completo qualquer candidato que v\u00e1 defender o governo, com os \u00edndices que est\u00e3o hoje. Parece muito prov\u00e1vel que o caminho natural do governo e do pr\u00f3prio MDB seja alguma alian\u00e7a em torno do Geraldo Alckmin. O que est\u00e1 se desenhando \u00e9 que \u00e9 poss\u00edvel que aconte\u00e7a, que o Centro acabe se unificando, pois , sem isso, dificilmente, conseguir\u00e1 colocar um candidato no segundo turno.<\/p>\n<p><strong>No plano estadual<\/strong><\/p>\n<p>A situa\u00e7\u00e3o no Estado continua indefinida. Na semana passada, surgiram boatos de que havia uma poss\u00edvel alian\u00e7a do Eduardo Paes com o \u00cdndio da Costa. O \u00cdndio recha\u00e7ou, publicamente, essa alian\u00e7a. E, assim como no plano nacional, o Eduardo Paes segue tentando unificar o Centro porque sabe que, sem isso, a sua candidatura fica muito dif\u00edcil, por conta da sua condi\u00e7\u00e3o muito adversa, tendo que responder pelos crimes cometidos por cabe\u00e7as coroadas do MDB, durante o per\u00edodo em que l\u00e1 esteve.<\/p>\n","protected":false},"excerpt":{"rendered":"<p>A Economia anda num passo mais devagar do que se imaginava Nesse in\u00edcio de ano, a recupera\u00e7\u00e3o dos empregos n\u00e3o se deu, ainda, na velocidade esperada. Possivelmente, essa alta do d\u00f3lar e do petr\u00f3leo deve gerar um pouquinho mais de infla\u00e7\u00e3o, ou seja, a situa\u00e7\u00e3o econ\u00f4mica, apesar de estar em recupera\u00e7\u00e3o e as perspectivas serem&#8230; <\/p>\n<div class=\"clear\"><\/div>\n<p><a href=\"https:\/\/bbconsultoria.net\/site\/no-ambito-federal\/\" class=\"excerpt-read-more\">Read More<\/a><\/p>\n","protected":false},"author":1,"featured_media":0,"comment_status":"closed","ping_status":"closed","sticky":false,"template":"","format":"standard","meta":{"footnotes":""},"categories":[82],"tags":[],"class_list":["post-6163","post","type-post","status-publish","format-standard","hentry","category-noticias"],"_links":{"self":[{"href":"https:\/\/bbconsultoria.net\/site\/wp-json\/wp\/v2\/posts\/6163","targetHints":{"allow":["GET"]}}],"collection":[{"href":"https:\/\/bbconsultoria.net\/site\/wp-json\/wp\/v2\/posts"}],"about":[{"href":"https:\/\/bbconsultoria.net\/site\/wp-json\/wp\/v2\/types\/post"}],"author":[{"embeddable":true,"href":"https:\/\/bbconsultoria.net\/site\/wp-json\/wp\/v2\/users\/1"}],"replies":[{"embeddable":true,"href":"https:\/\/bbconsultoria.net\/site\/wp-json\/wp\/v2\/comments?post=6163"}],"version-history":[{"count":4,"href":"https:\/\/bbconsultoria.net\/site\/wp-json\/wp\/v2\/posts\/6163\/revisions"}],"predecessor-version":[{"id":6186,"href":"https:\/\/bbconsultoria.net\/site\/wp-json\/wp\/v2\/posts\/6163\/revisions\/6186"}],"wp:attachment":[{"href":"https:\/\/bbconsultoria.net\/site\/wp-json\/wp\/v2\/media?parent=6163"}],"wp:term":[{"taxonomy":"category","embeddable":true,"href":"https:\/\/bbconsultoria.net\/site\/wp-json\/wp\/v2\/categories?post=6163"},{"taxonomy":"post_tag","embeddable":true,"href":"https:\/\/bbconsultoria.net\/site\/wp-json\/wp\/v2\/tags?post=6163"}],"curies":[{"name":"wp","href":"https:\/\/api.w.org\/{rel}","templated":true}]}}