{"id":6095,"date":"2018-05-03T04:50:30","date_gmt":"2018-05-03T01:50:30","guid":{"rendered":"http:\/\/bbconsultoria.net\/site\/?p=6095"},"modified":"2018-05-09T23:06:58","modified_gmt":"2018-05-09T20:06:58","slug":"tempo-perdido","status":"publish","type":"post","link":"https:\/\/bbconsultoria.net\/site\/tempo-perdido\/","title":{"rendered":"Tempo perdido"},"content":{"rendered":"<h4><em>Incapacidade do governo de vencer a paralisia no Congresso deixa de lado agenda priorit\u00e1ria<\/em><\/h4>\n<p><strong>Fonte:<\/strong> Folha<\/p>\n<p>Com os pol\u00edticos contando os meses que faltam para o in\u00edcio da campanha eleitoral, em agosto, o presidente Michel Temer (MDB) v\u00ea o espa\u00e7o para aprovar projetos de seu interesse no Congresso se estreitar um pouco mais a cada dia.<\/p>\n<p>At\u00e9 partidos que integram a bancada governista se juntaram aos opositores do cadastro positivo de devedores, uma das iniciativas arroladas no in\u00edcio do ano entre as prioridades do mandat\u00e1rio.<\/p>\n<p>A proposta que abre caminho para a privatiza\u00e7\u00e3o da Eletrobras tamb\u00e9m empacou. L\u00edderes que controlam postos chave na estrutura da estatal resistem \u00e0 ideia e impedem o Planalto de reunir os votos necess\u00e1rios para aprov\u00e1-la.<\/p>\n<p>O projeto que reonera a folha de pagamentos de empresas de 56 setores, outro que foi colocado no topo da agenda do governo, chegou a entrar em regime de urg\u00eancia na C\u00e2mara dos Deputados, mas foi retirado da pauta semanas depois.<\/p>\n<p>\u00c9 compreens\u00edvel a relut\u00e2ncia dos parlamentares. Eles est\u00e3o empenhados em garantir a pr\u00f3pria reelei\u00e7\u00e3o. Com a proximidade do pleito de outubro, os apelos de um presidente impopular como Temer soam cada vez menos sedutores.<\/p>\n<p>Em 2016, o presidente exibiu grande capacidade de articula\u00e7\u00e3o nos primeiros meses de sua gest\u00e3o. Superado o trauma do impeachment, medidas essenciais como o teto dos gastos p\u00fablicos foram aprovadas em pouco tempo.<\/p>\n<p>Depois da dela\u00e7\u00e3o da JBS e de duas den\u00fancias criminais, a prioridade de Temer passou a ser a defesa do pr\u00f3prio pesco\u00e7o. Ainda assim, proposituras de grande alcance como o redesenho da legisla\u00e7\u00e3o trabalhista se tornaram leis.<\/p>\n<p>Mas os sinais de exaust\u00e3o ficaram evidentes em fevereiro, quando o governo abandonou os esfor\u00e7os para viabilizar a reforma da Previd\u00eancia, fundamental para assegurar o equil\u00edbrio das contas do pa\u00eds.<\/p>\n<p>Nos \u00faltimos dois meses, a C\u00e2mara passou 22 dias sem aprovar um \u00fanico projeto de lei, de acordo com levantamento feito por esta Folha. Nesse per\u00edodo, os deputados estavam mais ocupados com as negocia\u00e7\u00f5es da janela aberta para trocas de partido antes das elei\u00e7\u00f5es.<\/p>\n<p>Promessas feitas na virada do ano, como a de apresentar um bem-vindo projeto de simplifica\u00e7\u00e3o do sistema tribut\u00e1rio, que poderia abrir caminho para reformas mais profundas no ano que vem, tamb\u00e9m foram deixadas de lado.<\/p>\n<p>O Congresso ainda tem derrubado vetos de Temer a iniciativas que amea\u00e7am piorar a sa\u00fade das contas p\u00fablicas, como a renegocia\u00e7\u00e3o de d\u00edvidas de produtores rurais e micro e pequenas empresas.<\/p>\n<p>A incapacidade de combater a paralisia ter\u00e1 custo alto para o pa\u00eds. Tornar\u00e1 ainda mais desafiadora a situa\u00e7\u00e3o que o pr\u00f3ximo presidente ir\u00e1 encontrar ao tomar posse.<\/p>\n","protected":false},"excerpt":{"rendered":"<p>Incapacidade do governo de vencer a paralisia no Congresso deixa de lado agenda priorit\u00e1ria Fonte: Folha Com os pol\u00edticos contando os meses que faltam para o in\u00edcio da campanha eleitoral, em agosto, o presidente Michel Temer (MDB) v\u00ea o espa\u00e7o para aprovar projetos de seu interesse no Congresso se estreitar um pouco mais a cada&#8230; <\/p>\n<div class=\"clear\"><\/div>\n<p><a href=\"https:\/\/bbconsultoria.net\/site\/tempo-perdido\/\" class=\"excerpt-read-more\">Read More<\/a><\/p>\n","protected":false},"author":1,"featured_media":6106,"comment_status":"closed","ping_status":"closed","sticky":false,"template":"","format":"standard","meta":{"footnotes":""},"categories":[82],"tags":[],"class_list":["post-6095","post","type-post","status-publish","format-standard","has-post-thumbnail","hentry","category-noticias"],"_links":{"self":[{"href":"https:\/\/bbconsultoria.net\/site\/wp-json\/wp\/v2\/posts\/6095","targetHints":{"allow":["GET"]}}],"collection":[{"href":"https:\/\/bbconsultoria.net\/site\/wp-json\/wp\/v2\/posts"}],"about":[{"href":"https:\/\/bbconsultoria.net\/site\/wp-json\/wp\/v2\/types\/post"}],"author":[{"embeddable":true,"href":"https:\/\/bbconsultoria.net\/site\/wp-json\/wp\/v2\/users\/1"}],"replies":[{"embeddable":true,"href":"https:\/\/bbconsultoria.net\/site\/wp-json\/wp\/v2\/comments?post=6095"}],"version-history":[{"count":5,"href":"https:\/\/bbconsultoria.net\/site\/wp-json\/wp\/v2\/posts\/6095\/revisions"}],"predecessor-version":[{"id":6114,"href":"https:\/\/bbconsultoria.net\/site\/wp-json\/wp\/v2\/posts\/6095\/revisions\/6114"}],"wp:featuredmedia":[{"embeddable":true,"href":"https:\/\/bbconsultoria.net\/site\/wp-json\/wp\/v2\/media\/6106"}],"wp:attachment":[{"href":"https:\/\/bbconsultoria.net\/site\/wp-json\/wp\/v2\/media?parent=6095"}],"wp:term":[{"taxonomy":"category","embeddable":true,"href":"https:\/\/bbconsultoria.net\/site\/wp-json\/wp\/v2\/categories?post=6095"},{"taxonomy":"post_tag","embeddable":true,"href":"https:\/\/bbconsultoria.net\/site\/wp-json\/wp\/v2\/tags?post=6095"}],"curies":[{"name":"wp","href":"https:\/\/api.w.org\/{rel}","templated":true}]}}